{"id":29866,"date":"2026-09-01T06:00:00","date_gmt":"2026-09-01T10:00:00","guid":{"rendered":"https:\/\/leger360.com\/?p=29866"},"modified":"2026-08-31T17:13:25","modified_gmt":"2026-08-31T21:13:25","slug":"dernieres-nouvelles-intentions-de-vote-au-quebec-pq-en-tete-caq-deuxieme-rang","status":"publish","type":"post","link":"https:\/\/leger360.com\/fr\/dernieres-nouvelles-intentions-de-vote-au-quebec-pq-en-tete-caq-deuxieme-rang\/","title":{"rendered":"Intentions de vote au Qu\u00e9bec: le PQ demeure en t\u00eate, la CAQ prend seule le deuxi\u00e8me rang"},"content":{"rendered":"<p>[et_pb_section fb_built=\u00a0\u00bb1&Prime; _builder_version=\u00a0\u00bb4.27.6&Prime; _module_preset=\u00a0\u00bbdefault\u00a0\u00bb global_colors_info=\u00a0\u00bb{}\u00a0\u00bb][et_pb_row _builder_version=\u00a0\u00bb4.27.6&Prime; _module_preset=\u00a0\u00bbdefault\u00a0\u00bb global_colors_info=\u00a0\u00bb{}\u00a0\u00bb][et_pb_column type=\u00a0\u00bb4_4&Prime; _builder_version=\u00a0\u00bb4.27.6&Prime; _module_preset=\u00a0\u00bbdefault\u00a0\u00bb global_colors_info=\u00a0\u00bb{}\u00a0\u00bb][et_pb_text _builder_version=\u00a0\u00bb4.27.8&Prime; _module_preset=\u00a0\u00bbdefault\u00a0\u00bb global_colors_info=\u00a0\u00bb{}\u00a0\u00bb]<\/p>\n<p>Notre plus r\u00e9cent sondage sur les intentions de vote au Qu\u00e9bec place le Parti Qu\u00e9b\u00e9cois en t\u00eate \u00e0 29%, suivi de la CAQ \u00e0 24%, du Parti lib\u00e9ral du Qu\u00e9bec \u00e0 22%, du Parti conservateur du Qu\u00e9bec \u00e0 15% et de Qu\u00e9bec solidaire \u00e0 10%. Les appuis continuent toutefois de varier et 42% des \u00e9lecteur\u00b7trices d\u00e9cid\u00e9\u00b7es disent que leur choix n\u2019est pas d\u00e9finitif, ce qui sugg\u00e8re que la course demeure ouverte.<\/p>\n<p><a href=\"https:\/\/leger360.com\/fr\/intentions-de-vote-au-quebec-lelection-demeure-ouverte\" target=\"_blank\" rel=\"noopener\">Voir aussi notre mesure du 24 ao\u00fbt 2026.<\/a><\/p>\n<p>[\/et_pb_text][et_pb_image src=\u00a0\u00bbhttps:\/\/leger360.com\/wp-content\/uploads\/2026\/06\/Copy-of-PolitiqueQC-Leger-X-Quebecor.png\u00a0\u00bb alt=\u00a0\u00bbPolitique Qu\u00e9bec Sondage \u00c9lection Canada Sondage L\u00e9ger Qu\u00e9becor\u00a0\u00bb title_text=\u00a0\u00bbCopy of PolitiqueQC &#8211; Leger X Quebecor\u00a0\u00bb _builder_version=\u00a0\u00bb4.27.6&Prime; _module_preset=\u00a0\u00bbdefault\u00a0\u00bb custom_margin=\u00a0\u00bb45px||||false|false\u00a0\u00bb border_radii=\u00a0\u00bbon|30px|30px|30px|30px\u00a0\u00bb global_colors_info=\u00a0\u00bb{}\u00a0\u00bb][\/et_pb_image][et_pb_heading title=\u00a0\u00bbFaits saillants\u00a0\u00bb _builder_version=\u00a0\u00bb4.27.6&Prime; _module_preset=\u00a0\u00bbdefault\u00a0\u00bb title_level=\u00a0\u00bbh2&Prime; custom_margin=\u00a0\u00bb45px||||false|false\u00a0\u00bb global_colors_info=\u00a0\u00bb{}\u00a0\u00bb][\/et_pb_heading][et_pb_text _builder_version=\u00a0\u00bb4.27.8&Prime; _module_preset=\u00a0\u00bbdefault\u00a0\u00bb global_colors_info=\u00a0\u00bb{}\u00a0\u00bb]<\/p>\n<ul>\n<li>Le PQ demeure en t\u00eate \u00e0 29% (-1) parmi les \u00e9lecteur\u00b7trices d\u00e9cid\u00e9\u00b7es, devant la CAQ \u00e0 24% (+1) et le PLQ \u00e0 22% (-1). Le PCQ obtient 15% (-1) et Qu\u00e9bec solidaire 10% (+3).<\/li>\n<li>42% des \u00e9lecteur\u00b7trices d\u00e9cid\u00e9\u00b7es affirment que leur choix n\u2019est pas d\u00e9finitif et pourraient encore voter pour un autre parti. Cette proportion atteint 58% parmi l\u2019\u00e9lectorat de Qu\u00e9bec solidaire et 54% parmi celui de la CAQ.<\/li>\n<li>Les tarifs douaniers impos\u00e9s par le gouvernement de Donald Trump sont l\u2019un des enjeux importants de la campagne pour 53% de la population qu\u00e9b\u00e9coise, alors que 10% les consid\u00e8rent comme l\u2019enjeu le plus important.<\/li>\n<li>66% de la population qu\u00e9b\u00e9coise demeure favorable \u00e0 l\u2019imposition de contre-tarifs sur certains produits am\u00e9ricains, m\u00eame lorsqu\u2019on pr\u00e9cise que ceux-ci pourraient entra\u00eener une hausse du prix de certains produits au Canada.<\/li>\n<li>Les slogans peinent \u00e0 se d\u00e9marquer : 30% des Qu\u00e9b\u00e9cois\u00b7es ne pr\u00e9f\u00e8rent aucun des slogans propos\u00e9s. \u00ab Rassembler. R\u00e9parer. B\u00e2tir. \u00bb arrive en t\u00eate, \u00e0 18%.<\/li>\n<\/ul>\n<p>[\/et_pb_text][et_pb_button button_url=\u00a0\u00bb@ET-DC@eyJkeW5hbWljIjp0cnVlLCJjb250ZW50IjoicG9zdF9saW5rX3VybF9hdHRhY2htZW50Iiwic2V0dGluZ3MiOnsicG9zdF9pZCI6IjI5ODczIn19@\u00a0\u00bb url_new_window=\u00a0\u00bbon\u00a0\u00bb button_text=\u00a0\u00bbT\u00e9l\u00e9chargez le rapport\u00a0\u00bb _builder_version=\u00a0\u00bb4.27.8&Prime; _module_preset=\u00a0\u00bbdefault\u00a0\u00bb custom_margin=\u00a0\u00bb10px||||false|false\u00a0\u00bb hover_enabled=\u00a0\u00bb0&Prime; global_colors_info=\u00a0\u00bb{}\u00a0\u00bb _dynamic_attributes=\u00a0\u00bbbutton_url\u00a0\u00bb sticky_enabled=\u00a0\u00bb0&Prime;][\/et_pb_button][et_pb_heading title=\u00a0\u00bbUne course qui demeure ouverte \u00a0\u00bb _builder_version=\u00a0\u00bb4.27.8&Prime; _module_preset=\u00a0\u00bbdefault\u00a0\u00bb title_level=\u00a0\u00bbh2&Prime; custom_margin=\u00a0\u00bb45px||||false|false\u00a0\u00bb global_colors_info=\u00a0\u00bb{}\u00a0\u00bb][\/et_pb_heading][et_pb_text _builder_version=\u00a0\u00bb4.27.8&Prime; _module_preset=\u00a0\u00bbdefault\u00a0\u00bb global_colors_info=\u00a0\u00bb{}\u00a0\u00bb]<\/p>\n<p><span data-contrast=\"auto\">Les variations depuis le 24 ao\u00fbt restent modestes pour la plupart des partis, mais la solidit\u00e9 du vote montre que le classement actuel n\u2019est pas n\u00e9cessairement fig\u00e9. Le contraste est particuli\u00e8rement marqu\u00e9 entre les partis : <\/span><span data-contrast=\"auto\">65% des \u00e9lecteur\u00b7trices du PCQ, 61% de ceux du PQ et 60% de ceux du PLQ disent que leur choix est d\u00e9finitif, comparativement \u00e0 44% \u00e0 la CAQ et 39% \u00e0 Qu\u00e9bec solidaire, qui <\/span><span data-contrast=\"auto\">disposent donc actuellement d\u2019un \u00e9lectorat plus mobile que leurs principaux adversaires.<\/span><span data-ccp-props=\"{&quot;134233117&quot;:false,&quot;134233118&quot;:false,&quot;335551550&quot;:0,&quot;335551620&quot;:0,&quot;335559738&quot;:240,&quot;335559739&quot;:240}\">&nbsp;<\/span><\/p>\n<p><span data-contrast=\"auto\">Pour aller plus loin, consultez aussi notre analyse de <\/span><a href=\"https:\/\/leger360.com\/fr\/intentions-de-vote-quebec-2026-carte-electorale-regionale\/\"><span data-contrast=\"none\">la carte \u00e9lectorale et des intentions de vote r\u00e9gionales<\/span><\/a><span data-contrast=\"auto\">.<\/span><\/p>\n<p>[\/et_pb_text][et_pb_heading title=\u00a0\u00bbLes tarifs sont jug\u00e9s importants, mais rarement prioritaires \u00a0\u00bb _builder_version=\u00a0\u00bb4.27.8&Prime; _module_preset=\u00a0\u00bbdefault\u00a0\u00bb title_level=\u00a0\u00bbh2&Prime; custom_margin=\u00a0\u00bb45px||||false|false\u00a0\u00bb global_colors_info=\u00a0\u00bb{}\u00a0\u00bb][\/et_pb_heading][et_pb_text _builder_version=\u00a0\u00bb4.27.8&Prime; _module_preset=\u00a0\u00bbdefault\u00a0\u00bb global_colors_info=\u00a0\u00bb{}\u00a0\u00bb]<\/p>\n<p><span data-contrast=\"auto\">Les r\u00e9ponses sur les tarifs font appara\u00eetre un \u00e9cart entre la place accord\u00e9e \u00e0 cet enjeu dans la campagne et l\u2019appui \u00e0 la r\u00e9ponse du gouvernement f\u00e9d\u00e9ral. Dans une premi\u00e8re question, 78% de la population qu\u00e9b\u00e9coise se dit en accord avec l\u2019imposition de nouveaux tarifs sur certains produits am\u00e9ricains. <\/span><span data-ccp-props=\"{&quot;134233117&quot;:false,&quot;134233118&quot;:false,&quot;335551550&quot;:0,&quot;335551620&quot;:0,&quot;335559738&quot;:240,&quot;335559739&quot;:240}\">&nbsp;<\/span><\/p>\n<p><span data-contrast=\"auto\">Par ailleurs, 80% croit que ces tarifs feront augmenter le prix des produits vis\u00e9s pour les consommateurs canadiens. Lorsque la possibilit\u00e9 d\u2019une hausse des prix est explicitement int\u00e9gr\u00e9e \u00e0 la question, l\u2019appui demeure majoritaire, \u00e0 66%. L\u2019anticipation d\u2019une hausse des prix ne suffit donc pas, pour une majorit\u00e9, \u00e0 faire basculer l\u2019opinion contre la mesure.<\/span><\/p>\n<p>[\/et_pb_text][et_pb_heading title=\u00a0\u00bbLa confiance envers les chefs pour g\u00e9rer certains enjeux demeure partag\u00e9e \u00a0\u00bb _builder_version=\u00a0\u00bb4.27.8&Prime; _module_preset=\u00a0\u00bbdefault\u00a0\u00bb title_level=\u00a0\u00bbh2&Prime; custom_margin=\u00a0\u00bb45px||||false|false\u00a0\u00bb global_colors_info=\u00a0\u00bb{}\u00a0\u00bb][\/et_pb_heading][et_pb_text _builder_version=\u00a0\u00bb4.27.8&Prime; _module_preset=\u00a0\u00bbdefault\u00a0\u00bb global_colors_info=\u00a0\u00bb{}\u00a0\u00bb]<\/p>\n<p><span data-contrast=\"auto\">Aucun chef ne domine nettement sur les six enjeux soumis aux r\u00e9pondant\u00b7es. Paul St-Pierre Plamondon obtient son meilleur r\u00e9sultat sur la gestion de l\u2019immigration (22%), tandis que Christine Fr\u00e9chette arrive en t\u00eate pour d\u00e9fendre les int\u00e9r\u00eats du Qu\u00e9bec et lutter contre les tarifs de Donald Trump (21%).<\/span><span data-ccp-props=\"{&quot;134233117&quot;:false,&quot;134233118&quot;:false,&quot;335551550&quot;:0,&quot;335551620&quot;:0,&quot;335559738&quot;:240,&quot;335559739&quot;:240}\">&nbsp;<\/span><\/p>\n<p><span data-contrast=\"auto\">Plus largement, selon l\u2019enjeu, de 36% \u00e0 43% des r\u00e9pondant\u00b7es ne choisissent aucun chef ou ne se prononcent pas.<\/span><span data-ccp-props=\"{&quot;134233117&quot;:false,&quot;134233118&quot;:false,&quot;335551550&quot;:0,&quot;335551620&quot;:0,&quot;335559738&quot;:240,&quot;335559739&quot;:240}\">&nbsp;<\/span><\/p>\n<p>[\/et_pb_text][et_pb_divider _builder_version=\u00a0\u00bb4.27.6&Prime; _module_preset=\u00a0\u00bbdefault\u00a0\u00bb custom_margin=\u00a0\u00bb45px||||false|false\u00a0\u00bb global_colors_info=\u00a0\u00bb{}\u00a0\u00bb][\/et_pb_divider][et_pb_heading title=\u00a0\u00bbM\u00e9thodologie\u00a0\u00bb _builder_version=\u00a0\u00bb4.27.6&Prime; _module_preset=\u00a0\u00bbdefault\u00a0\u00bb title_level=\u00a0\u00bbh3&Prime; global_colors_info=\u00a0\u00bb{}\u00a0\u00bb][\/et_pb_heading][et_pb_text _builder_version=\u00a0\u00bb4.27.8&Prime; _module_preset=\u00a0\u00bbdefault\u00a0\u00bb global_colors_info=\u00a0\u00bb{}\u00a0\u00bb]<\/p>\n<p><span data-contrast=\"auto\">Sondage en ligne r\u00e9alis\u00e9 du 28 au 31 ao\u00fbt 2026 aupr\u00e8s de 1 008 Qu\u00e9b\u00e9cois\u00b7es \u00e2g\u00e9\u00b7es de 18 ans ou plus ayant le droit de vote. Les r\u00e9pondant\u00b7es ont \u00e9t\u00e9 recrut\u00e9\u00b7es de mani\u00e8re al\u00e9atoire \u00e0 partir du panel en ligne LEO. Les r\u00e9sultats ont \u00e9t\u00e9 pond\u00e9r\u00e9s selon l\u2019\u00e2ge, le genre, la langue maternelle, la r\u00e9gion, la scolarit\u00e9 et la pr\u00e9sence d\u2019enfant dans le foyer. \u00c0 des fins de comparaison, un \u00e9chantillon probabiliste de cette taille aurait une marge d\u2019erreur maximale de \u00b13,09%, 19 fois sur 20.&nbsp;<\/span><span data-ccp-props=\"{&quot;134233117&quot;:false,&quot;134233118&quot;:false,&quot;335559738&quot;:240,&quot;335559739&quot;:240}\">&nbsp;<\/span><\/p>\n<p><span data-contrast=\"auto\">Pour citer les r\u00e9sultats : Sondage L\u00e9ger\/Le Journal\/TVA.<\/span><span data-ccp-props=\"{&quot;134233117&quot;:false,&quot;134233118&quot;:false,&quot;335559738&quot;:240,&quot;335559739&quot;:240}\">&nbsp;<\/span><\/p>\n<p>[\/et_pb_text][\/et_pb_column][\/et_pb_row][\/et_pb_section]<\/p>\n","protected":false},"excerpt":{"rendered":"<p>Notre plus r\u00e9cent sondage sur les intentions de vote au Qu\u00e9bec place le Parti Qu\u00e9b\u00e9cois en t\u00eate \u00e0 29%, suivi de la CAQ \u00e0 24%, du Parti lib\u00e9ral du Qu\u00e9bec \u00e0 22%, du Parti conservateur du Qu\u00e9bec \u00e0 15% et de Qu\u00e9bec solidaire \u00e0 10%. Les appuis continuent toutefois de varier et 42% des \u00e9lecteur\u00b7trices d\u00e9cid\u00e9\u00b7es disent que leur choix n\u2019est pas d\u00e9finitif, ce qui sugg\u00e8re que la course demeure ouverte. Voir aussi notre mesure du 24 ao\u00fbt 2026. Le PQ demeure en t\u00eate \u00e0 29% (-1) parmi les \u00e9lecteur\u00b7trices d\u00e9cid\u00e9\u00b7es, devant la CAQ \u00e0 24% (+1) et le PLQ \u00e0 22% (-1). Le PCQ obtient 15% (-1) et Qu\u00e9bec solidaire 10% (+3). 42% des \u00e9lecteur\u00b7trices d\u00e9cid\u00e9\u00b7es affirment que leur choix n\u2019est pas d\u00e9finitif et pourraient encore voter pour un autre parti. Cette proportion atteint 58% parmi l\u2019\u00e9lectorat de Qu\u00e9bec solidaire et 54% parmi celui de la CAQ. Les tarifs douaniers impos\u00e9s par le gouvernement de Donald Trump sont l\u2019un des enjeux importants de la campagne pour 53% de la population qu\u00e9b\u00e9coise, alors que 10% les consid\u00e8rent comme l\u2019enjeu le plus important. 66% de la population qu\u00e9b\u00e9coise demeure favorable \u00e0 l\u2019imposition de contre-tarifs sur certains produits am\u00e9ricains, m\u00eame lorsqu\u2019on pr\u00e9cise [&hellip;]<\/p>\n","protected":false},"author":38,"featured_media":28208,"comment_status":"closed","ping_status":"closed","sticky":false,"template":"","format":"standard","meta":{"_acf_changed":false,"_et_pb_use_builder":"on","_et_pb_old_content":"","_et_gb_content_width":"","content-type":"","inline_featured_image":false,"footnotes":""},"categories":[1037],"tags":[151,493,494,1486,1487,1485,471,150,163,207,200,201,212,149,198,1151],"post_language_cat":[42],"class_list":["post-29866","post","type-post","status-publish","format-standard","has-post-thumbnail","hentry","category-dernieres-nouvelles","tag-caq","tag-charles-milliard","tag-christine-frechette","tag-election","tag-election-provinciale","tag-frechette","tag-intentions-de-vote","tag-intentions-de-vote-provinciales","tag-leger","tag-opinion-publique","tag-parti-liberal-du-quebec","tag-plq","tag-politique-canadienne","tag-politique-quebecoise","tag-pq","tag-sondage-politique","post_language_cat-fr-in-the-news"],"acf":[],"yoast_head":"<!-- This site is optimized with the Yoast SEO Premium plugin v28.3 (Yoast SEO v28.3) - https:\/\/yoast.com\/product\/yoast-seo-premium-wordpress\/ -->\n<title>Intentions de vote au Qu\u00e9bec : le PQ toujours en t\u00eate, la CAQ prend le 2e rang<\/title>\n<meta name=\"description\" content=\"Le PQ m\u00e8ne \u00e0 29%, devant la CAQ \u00e0 24% et le PLQ \u00e0 22%, mais 42% des \u00e9lecteur\u00b7trices d\u00e9cid\u00e9\u00b7es pourraient encore changer de choix.\" \/>\n<meta name=\"robots\" content=\"index, follow, max-snippet:-1, max-image-preview:large, max-video-preview:-1\" \/>\n<link rel=\"canonical\" href=\"https:\/\/leger360.com\/fr\/dernieres-nouvelles-intentions-de-vote-au-quebec-pq-en-tete-caq-deuxieme-rang\/\" \/>\n<meta property=\"og:locale\" content=\"fr_CA\" \/>\n<meta property=\"og:type\" content=\"article\" \/>\n<meta property=\"og:title\" content=\"Intentions de vote au Qu\u00e9bec: le PQ demeure en t\u00eate, la CAQ prend seule le deuxi\u00e8me rang\" \/>\n<meta property=\"og:description\" content=\"Le PQ m\u00e8ne \u00e0 29%, devant la CAQ \u00e0 24% et le PLQ \u00e0 22%, mais 42% des \u00e9lecteur\u00b7trices d\u00e9cid\u00e9\u00b7es pourraient encore changer de choix.\" \/>\n<meta property=\"og:url\" content=\"https:\/\/leger360.com\/fr\/dernieres-nouvelles-intentions-de-vote-au-quebec-pq-en-tete-caq-deuxieme-rang\/\" \/>\n<meta property=\"og:site_name\" content=\"Leger\" \/>\n<meta property=\"article:publisher\" content=\"https:\/\/www.facebook.com\/leger360\/\" \/>\n<meta property=\"article:published_time\" content=\"2026-09-01T10:00:00+00:00\" \/>\n<meta property=\"og:image\" content=\"https:\/\/leger360.com\/wp-content\/uploads\/2026\/04\/AdobeStock_230324871-scaled.jpeg\" \/>\n\t<meta property=\"og:image:width\" content=\"2560\" \/>\n\t<meta property=\"og:image:height\" content=\"1707\" \/>\n\t<meta property=\"og:image:type\" content=\"image\/jpeg\" \/>\n<meta name=\"author\" content=\"Caroline Fortin\" \/>\n<meta name=\"twitter:card\" content=\"summary_large_image\" \/>\n<meta name=\"twitter:creator\" content=\"@leger360\" \/>\n<meta name=\"twitter:site\" content=\"@leger360\" \/>\n<meta name=\"twitter:label1\" content=\"\u00c9crit par\" \/>\n\t<meta name=\"twitter:data1\" content=\"Caroline Fortin\" \/>\n\t<meta name=\"twitter:label2\" content=\"Estimation du temps de lecture\" \/>\n\t<meta name=\"twitter:data2\" content=\"4 minutes\" \/>\n<script type=\"application\/ld+json\" class=\"yoast-schema-graph\">{\"@context\":\"https:\\\/\\\/schema.org\",\"@graph\":[{\"@type\":\"Article\",\"@id\":\"https:\\\/\\\/leger360.com\\\/fr\\\/dernieres-nouvelles-intentions-de-vote-au-quebec-pq-en-tete-caq-deuxieme-rang\\\/#article\",\"isPartOf\":{\"@id\":\"https:\\\/\\\/leger360.com\\\/fr\\\/dernieres-nouvelles-intentions-de-vote-au-quebec-pq-en-tete-caq-deuxieme-rang\\\/\"},\"author\":{\"name\":\"Caroline Fortin\",\"@id\":\"https:\\\/\\\/leger360.com\\\/fr\\\/#\\\/schema\\\/person\\\/f2b5b8f07fa0b7749cf9193b94a5efc6\"},\"headline\":\"Intentions de vote au Qu\u00e9bec: le PQ demeure en t\u00eate, la CAQ prend seule le deuxi\u00e8me rang\",\"datePublished\":\"2026-09-01T10:00:00+00:00\",\"mainEntityOfPage\":{\"@id\":\"https:\\\/\\\/leger360.com\\\/fr\\\/dernieres-nouvelles-intentions-de-vote-au-quebec-pq-en-tete-caq-deuxieme-rang\\\/\"},\"wordCount\":1079,\"publisher\":{\"@id\":\"https:\\\/\\\/leger360.com\\\/fr\\\/#organization\"},\"image\":{\"@id\":\"https:\\\/\\\/leger360.com\\\/fr\\\/dernieres-nouvelles-intentions-de-vote-au-quebec-pq-en-tete-caq-deuxieme-rang\\\/#primaryimage\"},\"thumbnailUrl\":\"https:\\\/\\\/leger360.com\\\/wp-content\\\/uploads\\\/2026\\\/04\\\/AdobeStock_230324871-scaled.jpeg\",\"keywords\":[\"CAQ\",\"Charles Milliard\",\"Christine Fr\u00e9chette\",\"\u00c9lection\",\"\u00c9lection Provinciale\",\"Fr\u00e9chette\",\"intentions de vote\",\"Intentions de vote provinciales\",\"L\u00e9ger\",\"Opinion publique\",\"Parti Lib\u00e9ral du Qu\u00e9bec\",\"PLQ\",\"Politique canadienne\",\"Politique Qu\u00e9b\u00e9coise\",\"PQ\",\"sondage politique\"],\"articleSection\":[\"Derni\u00e8res nouvelles\"],\"inLanguage\":\"fr-CA\"},{\"@type\":\"WebPage\",\"@id\":\"https:\\\/\\\/leger360.com\\\/fr\\\/dernieres-nouvelles-intentions-de-vote-au-quebec-pq-en-tete-caq-deuxieme-rang\\\/\",\"url\":\"https:\\\/\\\/leger360.com\\\/fr\\\/dernieres-nouvelles-intentions-de-vote-au-quebec-pq-en-tete-caq-deuxieme-rang\\\/\",\"name\":\"Intentions de vote au Qu\u00e9bec : le PQ toujours en t\u00eate, la CAQ prend le 2e rang\",\"isPartOf\":{\"@id\":\"https:\\\/\\\/leger360.com\\\/fr\\\/#website\"},\"primaryImageOfPage\":{\"@id\":\"https:\\\/\\\/leger360.com\\\/fr\\\/dernieres-nouvelles-intentions-de-vote-au-quebec-pq-en-tete-caq-deuxieme-rang\\\/#primaryimage\"},\"image\":{\"@id\":\"https:\\\/\\\/leger360.com\\\/fr\\\/dernieres-nouvelles-intentions-de-vote-au-quebec-pq-en-tete-caq-deuxieme-rang\\\/#primaryimage\"},\"thumbnailUrl\":\"https:\\\/\\\/leger360.com\\\/wp-content\\\/uploads\\\/2026\\\/04\\\/AdobeStock_230324871-scaled.jpeg\",\"datePublished\":\"2026-09-01T10:00:00+00:00\",\"description\":\"Le PQ m\u00e8ne \u00e0 29%, devant la CAQ \u00e0 24% et le PLQ \u00e0 22%, mais 42% des \u00e9lecteur\u00b7trices d\u00e9cid\u00e9\u00b7es pourraient encore changer de choix.\",\"breadcrumb\":{\"@id\":\"https:\\\/\\\/leger360.com\\\/fr\\\/dernieres-nouvelles-intentions-de-vote-au-quebec-pq-en-tete-caq-deuxieme-rang\\\/#breadcrumb\"},\"inLanguage\":\"fr-CA\",\"potentialAction\":[{\"@type\":\"ReadAction\",\"target\":[\"https:\\\/\\\/leger360.com\\\/fr\\\/dernieres-nouvelles-intentions-de-vote-au-quebec-pq-en-tete-caq-deuxieme-rang\\\/\"]}]},{\"@type\":\"ImageObject\",\"inLanguage\":\"fr-CA\",\"@id\":\"https:\\\/\\\/leger360.com\\\/fr\\\/dernieres-nouvelles-intentions-de-vote-au-quebec-pq-en-tete-caq-deuxieme-rang\\\/#primaryimage\",\"url\":\"https:\\\/\\\/leger360.com\\\/wp-content\\\/uploads\\\/2026\\\/04\\\/AdobeStock_230324871-scaled.jpeg\",\"contentUrl\":\"https:\\\/\\\/leger360.com\\\/wp-content\\\/uploads\\\/2026\\\/04\\\/AdobeStock_230324871-scaled.jpeg\",\"width\":2560,\"height\":1707,\"caption\":\"The Flag of Quebec flying against the sky\"},{\"@type\":\"BreadcrumbList\",\"@id\":\"https:\\\/\\\/leger360.com\\\/fr\\\/dernieres-nouvelles-intentions-de-vote-au-quebec-pq-en-tete-caq-deuxieme-rang\\\/#breadcrumb\",\"itemListElement\":[{\"@type\":\"ListItem\",\"position\":1,\"name\":\"Home\",\"item\":\"https:\\\/\\\/leger360.com\\\/fr\\\/\"},{\"@type\":\"ListItem\",\"position\":2,\"name\":\"Intentions de vote au Qu\u00e9bec: le PQ demeure en t\u00eate, la CAQ prend seule le deuxi\u00e8me rang\"}]},{\"@type\":\"WebSite\",\"@id\":\"https:\\\/\\\/leger360.com\\\/fr\\\/#website\",\"url\":\"https:\\\/\\\/leger360.com\\\/fr\\\/\",\"name\":\"Leger\",\"description\":\"Market Research | Data Analytics\",\"publisher\":{\"@id\":\"https:\\\/\\\/leger360.com\\\/fr\\\/#organization\"},\"potentialAction\":[{\"@type\":\"SearchAction\",\"target\":{\"@type\":\"EntryPoint\",\"urlTemplate\":\"https:\\\/\\\/leger360.com\\\/fr\\\/?s={search_term_string}\"},\"query-input\":{\"@type\":\"PropertyValueSpecification\",\"valueRequired\":true,\"valueName\":\"search_term_string\"}}],\"inLanguage\":\"fr-CA\"},{\"@type\":\"Organization\",\"@id\":\"https:\\\/\\\/leger360.com\\\/fr\\\/#organization\",\"name\":\"Leger\",\"url\":\"https:\\\/\\\/leger360.com\\\/fr\\\/\",\"logo\":{\"@type\":\"ImageObject\",\"inLanguage\":\"fr-CA\",\"@id\":\"https:\\\/\\\/leger360.com\\\/fr\\\/#\\\/schema\\\/logo\\\/image\\\/\",\"url\":\"https:\\\/\\\/leger360.com\\\/wp-content\\\/uploads\\\/2024\\\/04\\\/2022-Logo-Leger-Blackred-g.png\",\"contentUrl\":\"https:\\\/\\\/leger360.com\\\/wp-content\\\/uploads\\\/2024\\\/04\\\/2022-Logo-Leger-Blackred-g.png\",\"width\":1195,\"height\":686,\"caption\":\"Leger\"},\"image\":{\"@id\":\"https:\\\/\\\/leger360.com\\\/fr\\\/#\\\/schema\\\/logo\\\/image\\\/\"},\"sameAs\":[\"https:\\\/\\\/www.facebook.com\\\/leger360\\\/\",\"https:\\\/\\\/x.com\\\/leger360\",\"https:\\\/\\\/www.linkedin.com\\\/company\\\/leger360\\\/\"],\"description\":\"Leger is one of North America\u2019s fastest-growing market research companies, known for our forward-thinking experts and innovative approaches powered by artificial intelligence (AI) technologies.\"},{\"@type\":\"Person\",\"@id\":\"https:\\\/\\\/leger360.com\\\/fr\\\/#\\\/schema\\\/person\\\/f2b5b8f07fa0b7749cf9193b94a5efc6\",\"name\":\"Caroline Fortin\",\"image\":{\"@type\":\"ImageObject\",\"inLanguage\":\"fr-CA\",\"@id\":\"https:\\\/\\\/secure.gravatar.com\\\/avatar\\\/5e1310d58bd561b1474c669576256a91e5f2fcec2a327cbba6912fb0343d4aec?s=96&d=mm&r=g\",\"url\":\"https:\\\/\\\/secure.gravatar.com\\\/avatar\\\/5e1310d58bd561b1474c669576256a91e5f2fcec2a327cbba6912fb0343d4aec?s=96&d=mm&r=g\",\"contentUrl\":\"https:\\\/\\\/secure.gravatar.com\\\/avatar\\\/5e1310d58bd561b1474c669576256a91e5f2fcec2a327cbba6912fb0343d4aec?s=96&d=mm&r=g\",\"caption\":\"Caroline Fortin\"}}]}<\/script>\n<!-- \/ Yoast SEO Premium plugin. -->","yoast_head_json":{"title":"Intentions de vote au Qu\u00e9bec : le PQ toujours en t\u00eate, la CAQ prend le 2e rang","description":"Le PQ m\u00e8ne \u00e0 29%, devant la CAQ \u00e0 24% et le PLQ \u00e0 22%, mais 42% des \u00e9lecteur\u00b7trices d\u00e9cid\u00e9\u00b7es pourraient encore changer de choix.","robots":{"index":"index","follow":"follow","max-snippet":"max-snippet:-1","max-image-preview":"max-image-preview:large","max-video-preview":"max-video-preview:-1"},"canonical":"https:\/\/leger360.com\/fr\/dernieres-nouvelles-intentions-de-vote-au-quebec-pq-en-tete-caq-deuxieme-rang\/","og_locale":"fr_CA","og_type":"article","og_title":"Intentions de vote au Qu\u00e9bec: le PQ demeure en t\u00eate, la CAQ prend seule le deuxi\u00e8me rang","og_description":"Le PQ m\u00e8ne \u00e0 29%, devant la CAQ \u00e0 24% et le PLQ \u00e0 22%, mais 42% des \u00e9lecteur\u00b7trices d\u00e9cid\u00e9\u00b7es pourraient encore changer de choix.","og_url":"https:\/\/leger360.com\/fr\/dernieres-nouvelles-intentions-de-vote-au-quebec-pq-en-tete-caq-deuxieme-rang\/","og_site_name":"Leger","article_publisher":"https:\/\/www.facebook.com\/leger360\/","article_published_time":"2026-09-01T10:00:00+00:00","og_image":[{"width":2560,"height":1707,"url":"https:\/\/leger360.com\/wp-content\/uploads\/2026\/04\/AdobeStock_230324871-scaled.jpeg","type":"image\/jpeg"}],"author":"Caroline Fortin","twitter_card":"summary_large_image","twitter_creator":"@leger360","twitter_site":"@leger360","twitter_misc":{"\u00c9crit par":"Caroline Fortin","Estimation du temps de lecture":"4 minutes"},"schema":{"@context":"https:\/\/schema.org","@graph":[{"@type":"Article","@id":"https:\/\/leger360.com\/fr\/dernieres-nouvelles-intentions-de-vote-au-quebec-pq-en-tete-caq-deuxieme-rang\/#article","isPartOf":{"@id":"https:\/\/leger360.com\/fr\/dernieres-nouvelles-intentions-de-vote-au-quebec-pq-en-tete-caq-deuxieme-rang\/"},"author":{"name":"Caroline Fortin","@id":"https:\/\/leger360.com\/fr\/#\/schema\/person\/f2b5b8f07fa0b7749cf9193b94a5efc6"},"headline":"Intentions de vote au Qu\u00e9bec: le PQ demeure en t\u00eate, la CAQ prend seule le deuxi\u00e8me rang","datePublished":"2026-09-01T10:00:00+00:00","mainEntityOfPage":{"@id":"https:\/\/leger360.com\/fr\/dernieres-nouvelles-intentions-de-vote-au-quebec-pq-en-tete-caq-deuxieme-rang\/"},"wordCount":1079,"publisher":{"@id":"https:\/\/leger360.com\/fr\/#organization"},"image":{"@id":"https:\/\/leger360.com\/fr\/dernieres-nouvelles-intentions-de-vote-au-quebec-pq-en-tete-caq-deuxieme-rang\/#primaryimage"},"thumbnailUrl":"https:\/\/leger360.com\/wp-content\/uploads\/2026\/04\/AdobeStock_230324871-scaled.jpeg","keywords":["CAQ","Charles Milliard","Christine Fr\u00e9chette","\u00c9lection","\u00c9lection Provinciale","Fr\u00e9chette","intentions de vote","Intentions de vote provinciales","L\u00e9ger","Opinion publique","Parti Lib\u00e9ral du Qu\u00e9bec","PLQ","Politique canadienne","Politique Qu\u00e9b\u00e9coise","PQ","sondage politique"],"articleSection":["Derni\u00e8res nouvelles"],"inLanguage":"fr-CA"},{"@type":"WebPage","@id":"https:\/\/leger360.com\/fr\/dernieres-nouvelles-intentions-de-vote-au-quebec-pq-en-tete-caq-deuxieme-rang\/","url":"https:\/\/leger360.com\/fr\/dernieres-nouvelles-intentions-de-vote-au-quebec-pq-en-tete-caq-deuxieme-rang\/","name":"Intentions de vote au Qu\u00e9bec : le PQ toujours en t\u00eate, la CAQ prend le 2e rang","isPartOf":{"@id":"https:\/\/leger360.com\/fr\/#website"},"primaryImageOfPage":{"@id":"https:\/\/leger360.com\/fr\/dernieres-nouvelles-intentions-de-vote-au-quebec-pq-en-tete-caq-deuxieme-rang\/#primaryimage"},"image":{"@id":"https:\/\/leger360.com\/fr\/dernieres-nouvelles-intentions-de-vote-au-quebec-pq-en-tete-caq-deuxieme-rang\/#primaryimage"},"thumbnailUrl":"https:\/\/leger360.com\/wp-content\/uploads\/2026\/04\/AdobeStock_230324871-scaled.jpeg","datePublished":"2026-09-01T10:00:00+00:00","description":"Le PQ m\u00e8ne \u00e0 29%, devant la CAQ \u00e0 24% et le PLQ \u00e0 22%, mais 42% des \u00e9lecteur\u00b7trices d\u00e9cid\u00e9\u00b7es pourraient encore changer de choix.","breadcrumb":{"@id":"https:\/\/leger360.com\/fr\/dernieres-nouvelles-intentions-de-vote-au-quebec-pq-en-tete-caq-deuxieme-rang\/#breadcrumb"},"inLanguage":"fr-CA","potentialAction":[{"@type":"ReadAction","target":["https:\/\/leger360.com\/fr\/dernieres-nouvelles-intentions-de-vote-au-quebec-pq-en-tete-caq-deuxieme-rang\/"]}]},{"@type":"ImageObject","inLanguage":"fr-CA","@id":"https:\/\/leger360.com\/fr\/dernieres-nouvelles-intentions-de-vote-au-quebec-pq-en-tete-caq-deuxieme-rang\/#primaryimage","url":"https:\/\/leger360.com\/wp-content\/uploads\/2026\/04\/AdobeStock_230324871-scaled.jpeg","contentUrl":"https:\/\/leger360.com\/wp-content\/uploads\/2026\/04\/AdobeStock_230324871-scaled.jpeg","width":2560,"height":1707,"caption":"The Flag of Quebec flying against the sky"},{"@type":"BreadcrumbList","@id":"https:\/\/leger360.com\/fr\/dernieres-nouvelles-intentions-de-vote-au-quebec-pq-en-tete-caq-deuxieme-rang\/#breadcrumb","itemListElement":[{"@type":"ListItem","position":1,"name":"Home","item":"https:\/\/leger360.com\/fr\/"},{"@type":"ListItem","position":2,"name":"Intentions de vote au Qu\u00e9bec: le PQ demeure en t\u00eate, la CAQ prend seule le deuxi\u00e8me rang"}]},{"@type":"WebSite","@id":"https:\/\/leger360.com\/fr\/#website","url":"https:\/\/leger360.com\/fr\/","name":"Leger","description":"Market Research | Data Analytics","publisher":{"@id":"https:\/\/leger360.com\/fr\/#organization"},"potentialAction":[{"@type":"SearchAction","target":{"@type":"EntryPoint","urlTemplate":"https:\/\/leger360.com\/fr\/?s={search_term_string}"},"query-input":{"@type":"PropertyValueSpecification","valueRequired":true,"valueName":"search_term_string"}}],"inLanguage":"fr-CA"},{"@type":"Organization","@id":"https:\/\/leger360.com\/fr\/#organization","name":"Leger","url":"https:\/\/leger360.com\/fr\/","logo":{"@type":"ImageObject","inLanguage":"fr-CA","@id":"https:\/\/leger360.com\/fr\/#\/schema\/logo\/image\/","url":"https:\/\/leger360.com\/wp-content\/uploads\/2024\/04\/2022-Logo-Leger-Blackred-g.png","contentUrl":"https:\/\/leger360.com\/wp-content\/uploads\/2024\/04\/2022-Logo-Leger-Blackred-g.png","width":1195,"height":686,"caption":"Leger"},"image":{"@id":"https:\/\/leger360.com\/fr\/#\/schema\/logo\/image\/"},"sameAs":["https:\/\/www.facebook.com\/leger360\/","https:\/\/x.com\/leger360","https:\/\/www.linkedin.com\/company\/leger360\/"],"description":"Leger is one of North America\u2019s fastest-growing market research companies, known for our forward-thinking experts and innovative approaches powered by artificial intelligence (AI) technologies."},{"@type":"Person","@id":"https:\/\/leger360.com\/fr\/#\/schema\/person\/f2b5b8f07fa0b7749cf9193b94a5efc6","name":"Caroline Fortin","image":{"@type":"ImageObject","inLanguage":"fr-CA","@id":"https:\/\/secure.gravatar.com\/avatar\/5e1310d58bd561b1474c669576256a91e5f2fcec2a327cbba6912fb0343d4aec?s=96&d=mm&r=g","url":"https:\/\/secure.gravatar.com\/avatar\/5e1310d58bd561b1474c669576256a91e5f2fcec2a327cbba6912fb0343d4aec?s=96&d=mm&r=g","contentUrl":"https:\/\/secure.gravatar.com\/avatar\/5e1310d58bd561b1474c669576256a91e5f2fcec2a327cbba6912fb0343d4aec?s=96&d=mm&r=g","caption":"Caroline Fortin"}}]}},"_links":{"self":[{"href":"https:\/\/leger360.com\/fr\/wp-json\/wp\/v2\/posts\/29866","targetHints":{"allow":["GET"]}}],"collection":[{"href":"https:\/\/leger360.com\/fr\/wp-json\/wp\/v2\/posts"}],"about":[{"href":"https:\/\/leger360.com\/fr\/wp-json\/wp\/v2\/types\/post"}],"author":[{"embeddable":true,"href":"https:\/\/leger360.com\/fr\/wp-json\/wp\/v2\/users\/38"}],"replies":[{"embeddable":true,"href":"https:\/\/leger360.com\/fr\/wp-json\/wp\/v2\/comments?post=29866"}],"version-history":[{"count":9,"href":"https:\/\/leger360.com\/fr\/wp-json\/wp\/v2\/posts\/29866\/revisions"}],"predecessor-version":[{"id":29880,"href":"https:\/\/leger360.com\/fr\/wp-json\/wp\/v2\/posts\/29866\/revisions\/29880"}],"wp:featuredmedia":[{"embeddable":true,"href":"https:\/\/leger360.com\/fr\/wp-json\/wp\/v2\/media\/28208"}],"wp:attachment":[{"href":"https:\/\/leger360.com\/fr\/wp-json\/wp\/v2\/media?parent=29866"}],"wp:term":[{"taxonomy":"category","embeddable":true,"href":"https:\/\/leger360.com\/fr\/wp-json\/wp\/v2\/categories?post=29866"},{"taxonomy":"post_tag","embeddable":true,"href":"https:\/\/leger360.com\/fr\/wp-json\/wp\/v2\/tags?post=29866"},{"taxonomy":"post_language_cat","embeddable":true,"href":"https:\/\/leger360.com\/fr\/wp-json\/wp\/v2\/post_language_cat?post=29866"}],"curies":[{"name":"wp","href":"https:\/\/api.w.org\/{rel}","templated":true}]}}