{"id":29908,"date":"2026-09-02T15:57:23","date_gmt":"2026-09-02T19:57:23","guid":{"rendered":"https:\/\/leger360.com\/?p=29908"},"modified":"2026-09-02T15:57:33","modified_gmt":"2026-09-02T19:57:33","slug":"dernieres-nouvelles-rentree-scolaire-2026-les-priorites-des-parents-canadiens","status":"publish","type":"post","link":"https:\/\/leger360.com\/fr\/dernieres-nouvelles-rentree-scolaire-2026-les-priorites-des-parents-canadiens\/","title":{"rendered":"Rentr\u00e9e scolaire 2026 : les priorit\u00e9s des parents canadiens"},"content":{"rendered":"<p>[et_pb_section fb_built=\u00a0\u00bb1&Prime; _builder_version=\u00a0\u00bb4.27.7&Prime; _module_preset=\u00a0\u00bbdefault\u00a0\u00bb global_colors_info=\u00a0\u00bb{}\u00a0\u00bb][et_pb_row _builder_version=\u00a0\u00bb4.27.7&Prime; _module_preset=\u00a0\u00bbdefault\u00a0\u00bb global_colors_info=\u00a0\u00bb{}\u00a0\u00bb][et_pb_column type=\u00a0\u00bb4_4&Prime; _builder_version=\u00a0\u00bb4.27.7&Prime; _module_preset=\u00a0\u00bbdefault\u00a0\u00bb global_colors_info=\u00a0\u00bb{}\u00a0\u00bb][et_pb_text _builder_version=\u00a0\u00bb4.27.8&Prime; _module_preset=\u00a0\u00bbdefault\u00a0\u00bb global_colors_info=\u00a0\u00bb{}\u00a0\u00bb]<\/p>\n<p><span data-contrast=\"auto\">La rentr\u00e9e est derri\u00e8re plusieurs familles canadiennes, mais les questions qu\u2019elle soul\u00e8ve ne s\u2019arr\u00eatent pas une fois les fournitures achet\u00e9es. Entre le co\u00fbt des achats de d\u00e9but d\u2019ann\u00e9e, le bien-\u00eatre des enfants et les comp\u00e9tences dont ils auront besoin plus tard, les pr\u00e9occupations des parents touchent autant leur quotidien que la pr\u00e9paration \u00e0 la vie adulte.<\/span><span data-ccp-props=\"{&quot;134233117&quot;:false,&quot;134233118&quot;:false,&quot;335551550&quot;:0,&quot;335551620&quot;:0,&quot;335559738&quot;:240,&quot;335559739&quot;:240}\">&nbsp;<\/span><\/p>\n<p><span data-contrast=\"auto\">Notre plus r\u00e9cent sondage s\u2019int\u00e9resse \u00e0 ces deux dimensions de la rentr\u00e9e : les choix des parents pour les fournitures scolaires, mais aussi leur perception du r\u00f4le de l\u2019\u00e9cole dans la pr\u00e9paration de leurs enfants pour l\u2019avenir.<\/span><span data-ccp-props=\"{&quot;134233117&quot;:false,&quot;134233118&quot;:false,&quot;335551550&quot;:0,&quot;335551620&quot;:0,&quot;335559738&quot;:240,&quot;335559739&quot;:240}\">&nbsp;<\/span><\/p>\n<p>[\/et_pb_text][et_pb_image alt=\u00a0\u00bbAI Data Center Canada Artificial Intelligence\u00a0\u00bb title_text=\u00a0\u00bbBack-to-school-cover\u00a0\u00bb _builder_version=\u00a0\u00bb4.27.8&Prime; _module_preset=\u00a0\u00bbdefault\u00a0\u00bb hover_enabled=\u00a0\u00bb0&Prime; border_radii=\u00a0\u00bbon|30px|30px|30px|30px\u00a0\u00bb global_colors_info=\u00a0\u00bb{}\u00a0\u00bb src=\u00a0\u00bbhttps:\/\/leger360.com\/wp-content\/uploads\/2026\/09\/Back-to-school-cover.png\u00a0\u00bb sticky_enabled=\u00a0\u00bb0&Prime;][\/et_pb_image][et_pb_heading title=\u00a0\u00bbFaits saillants\u00a0\u00bb _builder_version=\u00a0\u00bb4.27.7&Prime; _module_preset=\u00a0\u00bbdefault\u00a0\u00bb title_level=\u00a0\u00bbh2&Prime; custom_margin=\u00a0\u00bb45px||||false|false\u00a0\u00bb global_colors_info=\u00a0\u00bb{}\u00a0\u00bb][\/et_pb_heading][et_pb_text _builder_version=\u00a0\u00bb4.27.8&Prime; _module_preset=\u00a0\u00bbdefault\u00a0\u00bb global_colors_info=\u00a0\u00bb{}\u00a0\u00bb]<\/p>\n<ul>\n<li>72% des r\u00e9pondants pr\u00e9f\u00e8rent acheter eux-m\u00eames les fournitures scolaires, article par article.<\/li>\n<li>69% pr\u00e9voient faire leurs achats dans des magasins \u00e0 grande surface.<\/li>\n<li>73% citent le prix parmi les principaux crit\u00e8res qui influencent leur choix de magasin ou de fournisseur.<\/li>\n<li>81% se disent confiants que l\u2019\u00e9cole pr\u00e9pare ad\u00e9quatement leurs enfants \u00e0 la vie apr\u00e8s les \u00e9tudes.<\/li>\n<li>63% souhaitent que la litt\u00e9ratie financi\u00e8re et la gestion de l\u2019argent re\u00e7oivent davantage d\u2019attention \u00e0 l\u2019\u00e9cole.<\/li>\n<\/ul>\n<p>[\/et_pb_text][et_pb_button button_url=\u00a0\u00bb@ET-DC@eyJkeW5hbWljIjp0cnVlLCJjb250ZW50IjoicG9zdF9saW5rX3VybF9hdHRhY2htZW50Iiwic2V0dGluZ3MiOnsicG9zdF9pZCI6IjI5OTE3In19@\u00a0\u00bb url_new_window=\u00a0\u00bbon\u00a0\u00bb button_text=\u00a0\u00bbT\u00e9l\u00e9chargez le rapport\u00a0\u00bb _builder_version=\u00a0\u00bb4.27.8&Prime; _module_preset=\u00a0\u00bbdefault\u00a0\u00bb hover_enabled=\u00a0\u00bb0&Prime; global_colors_info=\u00a0\u00bb{}\u00a0\u00bb _dynamic_attributes=\u00a0\u00bbbutton_url\u00a0\u00bb sticky_enabled=\u00a0\u00bb0&Prime;][\/et_pb_button][et_pb_heading title=\u00a0\u00bbLe prix demeure la priorit\u00e9 \u00a0\u00bb _builder_version=\u00a0\u00bb4.27.8&Prime; _module_preset=\u00a0\u00bbdefault\u00a0\u00bb title_level=\u00a0\u00bbh2&Prime; custom_margin=\u00a0\u00bb45px||||false|false\u00a0\u00bb global_colors_info=\u00a0\u00bb{}\u00a0\u00bb][\/et_pb_heading][et_pb_text _builder_version=\u00a0\u00bb4.27.8&Prime; _module_preset=\u00a0\u00bbdefault\u00a0\u00bb global_colors_info=\u00a0\u00bb{}\u00a0\u00bb]<\/p>\n<p><span data-contrast=\"auto\">Le prix demeure le principal crit\u00e8re qui influence le choix du magasin ou du fournisseur pour les fournitures scolaires (73%), devant la qualit\u00e9 des produits (50%) et la possibilit\u00e9 de trouver tous les articles au m\u00eame endroit (30%).&nbsp;<\/span><span data-ccp-props=\"{&quot;134233117&quot;:false,&quot;134233118&quot;:false,&quot;335559738&quot;:240,&quot;335559739&quot;:240}\">&nbsp;<\/span><\/p>\n<p><span data-contrast=\"auto\">Par ailleurs, 72% des parents pr\u00e9f\u00e8rent acheter eux-m\u00eames les fournitures, article par article, une hausse de 10 points par rapport \u00e0 l&rsquo;ann\u00e9e derni\u00e8re. Une minorit\u00e9 pr\u00e9f\u00e8re acheter une trousse pr\u00e9par\u00e9e par le fournisseur de l\u2019\u00e9cole (15%) ou payer directement l\u2019\u00e9cole pour qu\u2019elle fournisse les articles (10%).&nbsp;<\/span><span data-ccp-props=\"{&quot;134233117&quot;:false,&quot;134233118&quot;:false,&quot;335559738&quot;:240,&quot;335559739&quot;:240}\">&nbsp;<\/span><\/p>\n<p><span data-contrast=\"auto\">Les magasins \u00e0 grande surface demeurent le lieu d\u2019achat le plus souvent pr\u00e9vu, \u00e0 69%, une hausse de 8 points par rapport \u00e0 2025. Les achats en ligne arrivent au deuxi\u00e8me rang (37%), suivis des magasins \u00e0 un dollar (33%).<\/span><span data-ccp-props=\"{&quot;134233117&quot;:false,&quot;134233118&quot;:false,&quot;335559738&quot;:240,&quot;335559739&quot;:240}\">&nbsp;<\/span><\/p>\n<p>[\/et_pb_text][et_pb_heading title=\u00a0\u00bbUne confiance \u00e9lev\u00e9e envers l\u2019\u00e9cole \u00a0\u00bb _builder_version=\u00a0\u00bb4.27.8&Prime; _module_preset=\u00a0\u00bbdefault\u00a0\u00bb title_level=\u00a0\u00bbh2&Prime; custom_margin=\u00a0\u00bb45px||||false|false\u00a0\u00bb global_colors_info=\u00a0\u00bb{}\u00a0\u00bb][\/et_pb_heading][et_pb_text _builder_version=\u00a0\u00bb4.27.8&Prime; _module_preset=\u00a0\u00bbdefault\u00a0\u00bb global_colors_info=\u00a0\u00bb{}\u00a0\u00bb]<\/p>\n<p><span data-contrast=\"auto\">Les parents canadiens ont globalement confiance en la capacit\u00e9 de l\u2019\u00e9cole \u00e0 pr\u00e9parer leurs enfants pour la suite. 81% se disent confiants, dont 25% qui se disent tout \u00e0 fait confiants, tandis que 15% expriment peu ou pas confiance.<\/span><span data-ccp-props=\"{&quot;134233117&quot;:false,&quot;134233118&quot;:false,&quot;335559738&quot;:240,&quot;335559739&quot;:240}\">&nbsp;<\/span><\/p>\n<p><span data-contrast=\"auto\">Cette confiance s\u2019accompagne toutefois d\u2019attentes pr\u00e9cises quant aux comp\u00e9tences \u00e0 d\u00e9velopper. La litt\u00e9ratie financi\u00e8re et la gestion de l\u2019argent (63%) arrivent en t\u00eate des domaines qui, selon les parents, devraient recevoir davantage d\u2019attention \u00e0 l\u2019\u00e9cole, devant la pens\u00e9e critique et la r\u00e9solution de probl\u00e8mes (47%) et les comp\u00e9tences pratiques de la vie quotidienne (43%).<\/span><span data-ccp-props=\"{&quot;134233117&quot;:false,&quot;134233118&quot;:false,&quot;335559738&quot;:240,&quot;335559739&quot;:240}\">&nbsp;<\/span><\/p>\n<p>[\/et_pb_text][et_pb_heading title=\u00a0\u00bbLa sant\u00e9 mentale fait partie des principales pr\u00e9occupations \u00a0\u00bb _builder_version=\u00a0\u00bb4.27.8&Prime; _module_preset=\u00a0\u00bbdefault\u00a0\u00bb title_level=\u00a0\u00bbh2&Prime; custom_margin=\u00a0\u00bb45px||||false|false\u00a0\u00bb global_colors_info=\u00a0\u00bb{}\u00a0\u00bb][\/et_pb_heading][et_pb_text _builder_version=\u00a0\u00bb4.27.8&Prime; _module_preset=\u00a0\u00bbdefault\u00a0\u00bb global_colors_info=\u00a0\u00bb{}\u00a0\u00bb]<\/p>\n<p><span data-contrast=\"auto\">Pour l\u2019ann\u00e9e scolaire qui commence, les pr\u00e9occupations des parents ne se limitent pas au rendement scolaire. La sant\u00e9 mentale ou le bien-\u00eatre \u00e9motionnel (34%) arrive au premier rang, devant le rendement scolaire (30%).<\/span><span data-ccp-props=\"{&quot;134233117&quot;:false,&quot;134233118&quot;:false,&quot;335559738&quot;:240,&quot;335559739&quot;:240}\">&nbsp;<\/span><\/p>\n<p><span data-contrast=\"auto\">L\u2019intimidation ou la cyberintimidation (27%) et le temps pass\u00e9 devant les \u00e9crans (27%) figurent aussi parmi les pr\u00e9occupations les plus souvent mentionn\u00e9es, suivis de l\u2019int\u00e9gration sociale (26%). Les pr\u00e9occupations des parents touchent donc \u00e0 la fois les apprentissages, le bien-\u00eatre et la vie sociale de leurs enfants.<\/span><span data-ccp-props=\"{&quot;134233117&quot;:false,&quot;134233118&quot;:false,&quot;335559738&quot;:240,&quot;335559739&quot;:240}\">&nbsp;<\/span><\/p>\n<p>[\/et_pb_text][et_pb_divider _builder_version=\u00a0\u00bb4.27.7&Prime; _module_preset=\u00a0\u00bbdefault\u00a0\u00bb custom_margin=\u00a0\u00bb45px||||false|false\u00a0\u00bb global_colors_info=\u00a0\u00bb{}\u00a0\u00bb][\/et_pb_divider][et_pb_heading title=\u00a0\u00bbM\u00e9thodologie\u00a0\u00bb _builder_version=\u00a0\u00bb4.27.7&Prime; _module_preset=\u00a0\u00bbdefault\u00a0\u00bb title_level=\u00a0\u00bbh3&Prime; custom_margin=\u00a0\u00bb30px||||false|false\u00a0\u00bb global_colors_info=\u00a0\u00bb{}\u00a0\u00bb][\/et_pb_heading][et_pb_text _builder_version=\u00a0\u00bb4.27.8&Prime; _module_preset=\u00a0\u00bbdefault\u00a0\u00bb global_colors_info=\u00a0\u00bb{}\u00a0\u00bb]<\/p>\n<p><span data-contrast=\"auto\">Ce sondage en ligne a \u00e9t\u00e9 men\u00e9 aupr\u00e8s de 372 r\u00e9pondants canadiens \u00e2g\u00e9s de 18 ans ou plus ayant des enfants d\u2019\u00e2ge scolaire dans leur m\u00e9nage. Les r\u00e9pondants ont \u00e9t\u00e9 recrut\u00e9s au hasard au moyen du panel en ligne LEO et pouvaient remplir le sondage en fran\u00e7ais ou en anglais.<\/span><span data-ccp-props=\"{&quot;134233117&quot;:false,&quot;134233118&quot;:false,&quot;335559738&quot;:240,&quot;335559739&quot;:240}\">&nbsp;<\/span><\/p>\n<p><span data-contrast=\"auto\">Les r\u00e9sultats ont \u00e9t\u00e9 pond\u00e9r\u00e9s selon l\u2019\u00e2ge, le genre, la langue maternelle, la r\u00e9gion, le niveau de scolarit\u00e9 et la pr\u00e9sence d\u2019enfants dans le m\u00e9nage afin d\u2019assurer un \u00e9chantillon repr\u00e9sentatif de la population canadienne vis\u00e9e. Les pourcentages pr\u00e9sent\u00e9s ont \u00e9t\u00e9 arrondis; les totaux peuvent donc diff\u00e9rer l\u00e9g\u00e8rement de la somme des pourcentages affich\u00e9s. <\/span><span data-contrast=\"auto\">\u00c0 titre comparatif, un \u00e9chantillon probabiliste de cette taille aurait une marge d\u2019erreur d\u2019au plus <\/span><span data-contrast=\"auto\">\u00b15,01 points de pourcentage, 19 fois sur 20.<\/span><span data-ccp-props=\"{&quot;134233117&quot;:false,&quot;134233118&quot;:false,&quot;335559738&quot;:240,&quot;335559739&quot;:240}\">&nbsp;<\/span><\/p>\n<p>[\/et_pb_text][\/et_pb_column][\/et_pb_row][\/et_pb_section]<\/p>\n","protected":false},"excerpt":{"rendered":"<p>La rentr\u00e9e est derri\u00e8re plusieurs familles canadiennes, mais les questions qu\u2019elle soul\u00e8ve ne s\u2019arr\u00eatent pas une fois les fournitures achet\u00e9es. Entre le co\u00fbt des achats de d\u00e9but d\u2019ann\u00e9e, le bien-\u00eatre des enfants et les comp\u00e9tences dont ils auront besoin plus tard, les pr\u00e9occupations des parents touchent autant leur quotidien que la pr\u00e9paration \u00e0 la vie adulte.&nbsp; Notre plus r\u00e9cent sondage s\u2019int\u00e9resse \u00e0 ces deux dimensions de la rentr\u00e9e : les choix des parents pour les fournitures scolaires, mais aussi leur perception du r\u00f4le de l\u2019\u00e9cole dans la pr\u00e9paration de leurs enfants pour l\u2019avenir.&nbsp; 72% des r\u00e9pondants pr\u00e9f\u00e8rent acheter eux-m\u00eames les fournitures scolaires, article par article. 69% pr\u00e9voient faire leurs achats dans des magasins \u00e0 grande surface. 73% citent le prix parmi les principaux crit\u00e8res qui influencent leur choix de magasin ou de fournisseur. 81% se disent confiants que l\u2019\u00e9cole pr\u00e9pare ad\u00e9quatement leurs enfants \u00e0 la vie apr\u00e8s les \u00e9tudes. 63% souhaitent que la litt\u00e9ratie financi\u00e8re et la gestion de l\u2019argent re\u00e7oivent davantage d\u2019attention \u00e0 l\u2019\u00e9cole. Le prix demeure le principal crit\u00e8re qui influence le choix du magasin ou du fournisseur pour les fournitures scolaires (73%), devant la qualit\u00e9 des produits (50%) et la possibilit\u00e9 de trouver tous les articles au [&hellip;]<\/p>\n","protected":false},"author":38,"featured_media":29914,"comment_status":"closed","ping_status":"closed","sticky":false,"template":"","format":"standard","meta":{"_acf_changed":false,"_et_pb_use_builder":"on","_et_pb_old_content":"","_et_gb_content_width":"","content-type":"","inline_featured_image":false,"footnotes":""},"categories":[1037],"tags":[1728,1732,1729,1727,1730,1726,1725,1724,1731,155],"post_language_cat":[42],"class_list":["post-29908","post","type-post","status-publish","format-standard","has-post-thumbnail","hentry","category-dernieres-nouvelles","tag-cout-des-fournitures","tag-ecoles-canadiennes","tag-education","tag-fournitures-scolaires","tag-litteratie-financiere","tag-parents-canadiens","tag-rentree-scolaire","tag-rentree-scolaire-2026","tag-sante-mentale","tag-sondage-leger","post_language_cat-fr-in-the-news"],"acf":[],"yoast_head":"<!-- This site is optimized with the Yoast SEO Premium plugin v28.4 (Yoast SEO v28.4) - https:\/\/yoast.com\/product\/yoast-seo-premium-wordpress\/ -->\n<title>Rentr\u00e9e scolaire 2026 : priorit\u00e9s des parents canadiens<\/title>\n<meta name=\"description\" content=\"D\u00e9couvrez les d\u00e9fis de la rentr\u00e9e scolaire 2026, alors que les familles canadiennes doivent composer avec le co\u00fbt et les choix li\u00e9s aux fournitures scolaires.\" \/>\n<meta name=\"robots\" content=\"index, follow, max-snippet:-1, max-image-preview:large, max-video-preview:-1\" \/>\n<link rel=\"canonical\" href=\"https:\/\/leger360.com\/fr\/dernieres-nouvelles-rentree-scolaire-2026-les-priorites-des-parents-canadiens\/\" \/>\n<meta property=\"og:locale\" content=\"fr_CA\" \/>\n<meta property=\"og:type\" content=\"article\" \/>\n<meta property=\"og:title\" content=\"Rentr\u00e9e scolaire 2026 : les priorit\u00e9s des parents canadiens\" \/>\n<meta property=\"og:description\" content=\"D\u00e9couvrez les d\u00e9fis de la rentr\u00e9e scolaire 2026, alors que les familles canadiennes doivent composer avec le co\u00fbt et les choix li\u00e9s aux fournitures scolaires.\" \/>\n<meta property=\"og:url\" content=\"https:\/\/leger360.com\/fr\/dernieres-nouvelles-rentree-scolaire-2026-les-priorites-des-parents-canadiens\/\" \/>\n<meta property=\"og:site_name\" content=\"Leger\" \/>\n<meta property=\"article:publisher\" content=\"https:\/\/www.facebook.com\/leger360\/\" \/>\n<meta property=\"article:published_time\" content=\"2026-09-02T19:57:23+00:00\" \/>\n<meta property=\"article:modified_time\" content=\"2026-09-02T19:57:33+00:00\" \/>\n<meta property=\"og:image\" content=\"https:\/\/leger360.com\/wp-content\/uploads\/2026\/09\/Back-to-school-cover.png\" \/>\n\t<meta property=\"og:image:width\" content=\"1601\" \/>\n\t<meta property=\"og:image:height\" content=\"900\" \/>\n\t<meta property=\"og:image:type\" content=\"image\/png\" \/>\n<meta name=\"author\" content=\"Caroline Fortin\" \/>\n<meta name=\"twitter:card\" content=\"summary_large_image\" \/>\n<meta name=\"twitter:creator\" content=\"@leger360\" \/>\n<meta name=\"twitter:site\" content=\"@leger360\" \/>\n<meta name=\"twitter:label1\" content=\"\u00c9crit par\" \/>\n\t<meta name=\"twitter:data1\" content=\"Caroline Fortin\" \/>\n\t<meta name=\"twitter:label2\" content=\"Estimation du temps de lecture\" \/>\n\t<meta name=\"twitter:data2\" content=\"4 minutes\" \/>\n<script type=\"application\/ld+json\" class=\"yoast-schema-graph\">{\"@context\":\"https:\\\/\\\/schema.org\",\"@graph\":[{\"@type\":\"Article\",\"@id\":\"https:\\\/\\\/leger360.com\\\/fr\\\/dernieres-nouvelles-rentree-scolaire-2026-les-priorites-des-parents-canadiens\\\/#article\",\"isPartOf\":{\"@id\":\"https:\\\/\\\/leger360.com\\\/fr\\\/dernieres-nouvelles-rentree-scolaire-2026-les-priorites-des-parents-canadiens\\\/\"},\"author\":{\"name\":\"Caroline Fortin\",\"@id\":\"https:\\\/\\\/leger360.com\\\/fr\\\/#\\\/schema\\\/person\\\/f2b5b8f07fa0b7749cf9193b94a5efc6\"},\"headline\":\"Rentr\u00e9e scolaire 2026 : les priorit\u00e9s des parents canadiens\",\"datePublished\":\"2026-09-02T19:57:23+00:00\",\"dateModified\":\"2026-09-02T19:57:33+00:00\",\"mainEntityOfPage\":{\"@id\":\"https:\\\/\\\/leger360.com\\\/fr\\\/dernieres-nouvelles-rentree-scolaire-2026-les-priorites-des-parents-canadiens\\\/\"},\"wordCount\":1059,\"publisher\":{\"@id\":\"https:\\\/\\\/leger360.com\\\/fr\\\/#organization\"},\"image\":{\"@id\":\"https:\\\/\\\/leger360.com\\\/fr\\\/dernieres-nouvelles-rentree-scolaire-2026-les-priorites-des-parents-canadiens\\\/#primaryimage\"},\"thumbnailUrl\":\"https:\\\/\\\/leger360.com\\\/wp-content\\\/uploads\\\/2026\\\/09\\\/Back-to-school-cover.png\",\"keywords\":[\"co\u00fbt des fournitures\",\"\u00e9coles canadiennes\",\"\u00e9ducation\",\"fournitures scolaires\",\"litt\u00e9ratie financi\u00e8re\",\"parents canadiens\",\"rentr\u00e9e scolaire\",\"rentr\u00e9e scolaire 2026\",\"sant\u00e9 mentale\",\"Sondage L\u00e9ger\"],\"articleSection\":[\"Derni\u00e8res nouvelles\"],\"inLanguage\":\"fr-CA\"},{\"@type\":\"WebPage\",\"@id\":\"https:\\\/\\\/leger360.com\\\/fr\\\/dernieres-nouvelles-rentree-scolaire-2026-les-priorites-des-parents-canadiens\\\/\",\"url\":\"https:\\\/\\\/leger360.com\\\/fr\\\/dernieres-nouvelles-rentree-scolaire-2026-les-priorites-des-parents-canadiens\\\/\",\"name\":\"Rentr\u00e9e scolaire 2026 : priorit\u00e9s des parents canadiens\",\"isPartOf\":{\"@id\":\"https:\\\/\\\/leger360.com\\\/fr\\\/#website\"},\"primaryImageOfPage\":{\"@id\":\"https:\\\/\\\/leger360.com\\\/fr\\\/dernieres-nouvelles-rentree-scolaire-2026-les-priorites-des-parents-canadiens\\\/#primaryimage\"},\"image\":{\"@id\":\"https:\\\/\\\/leger360.com\\\/fr\\\/dernieres-nouvelles-rentree-scolaire-2026-les-priorites-des-parents-canadiens\\\/#primaryimage\"},\"thumbnailUrl\":\"https:\\\/\\\/leger360.com\\\/wp-content\\\/uploads\\\/2026\\\/09\\\/Back-to-school-cover.png\",\"datePublished\":\"2026-09-02T19:57:23+00:00\",\"dateModified\":\"2026-09-02T19:57:33+00:00\",\"description\":\"D\u00e9couvrez les d\u00e9fis de la rentr\u00e9e scolaire 2026, alors que les familles canadiennes doivent composer avec le co\u00fbt et les choix li\u00e9s aux fournitures scolaires.\",\"breadcrumb\":{\"@id\":\"https:\\\/\\\/leger360.com\\\/fr\\\/dernieres-nouvelles-rentree-scolaire-2026-les-priorites-des-parents-canadiens\\\/#breadcrumb\"},\"inLanguage\":\"fr-CA\",\"potentialAction\":[{\"@type\":\"ReadAction\",\"target\":[\"https:\\\/\\\/leger360.com\\\/fr\\\/dernieres-nouvelles-rentree-scolaire-2026-les-priorites-des-parents-canadiens\\\/\"]}]},{\"@type\":\"ImageObject\",\"inLanguage\":\"fr-CA\",\"@id\":\"https:\\\/\\\/leger360.com\\\/fr\\\/dernieres-nouvelles-rentree-scolaire-2026-les-priorites-des-parents-canadiens\\\/#primaryimage\",\"url\":\"https:\\\/\\\/leger360.com\\\/wp-content\\\/uploads\\\/2026\\\/09\\\/Back-to-school-cover.png\",\"contentUrl\":\"https:\\\/\\\/leger360.com\\\/wp-content\\\/uploads\\\/2026\\\/09\\\/Back-to-school-cover.png\",\"width\":1601,\"height\":900},{\"@type\":\"BreadcrumbList\",\"@id\":\"https:\\\/\\\/leger360.com\\\/fr\\\/dernieres-nouvelles-rentree-scolaire-2026-les-priorites-des-parents-canadiens\\\/#breadcrumb\",\"itemListElement\":[{\"@type\":\"ListItem\",\"position\":1,\"name\":\"Home\",\"item\":\"https:\\\/\\\/leger360.com\\\/fr\\\/\"},{\"@type\":\"ListItem\",\"position\":2,\"name\":\"Rentr\u00e9e scolaire 2026 : les priorit\u00e9s des parents canadiens\"}]},{\"@type\":\"WebSite\",\"@id\":\"https:\\\/\\\/leger360.com\\\/fr\\\/#website\",\"url\":\"https:\\\/\\\/leger360.com\\\/fr\\\/\",\"name\":\"Leger\",\"description\":\"Market Research | Data Analytics\",\"publisher\":{\"@id\":\"https:\\\/\\\/leger360.com\\\/fr\\\/#organization\"},\"potentialAction\":[{\"@type\":\"SearchAction\",\"target\":{\"@type\":\"EntryPoint\",\"urlTemplate\":\"https:\\\/\\\/leger360.com\\\/fr\\\/?s={search_term_string}\"},\"query-input\":{\"@type\":\"PropertyValueSpecification\",\"valueRequired\":true,\"valueName\":\"search_term_string\"}}],\"inLanguage\":\"fr-CA\"},{\"@type\":\"Organization\",\"@id\":\"https:\\\/\\\/leger360.com\\\/fr\\\/#organization\",\"name\":\"Leger\",\"url\":\"https:\\\/\\\/leger360.com\\\/fr\\\/\",\"logo\":{\"@type\":\"ImageObject\",\"inLanguage\":\"fr-CA\",\"@id\":\"https:\\\/\\\/leger360.com\\\/fr\\\/#\\\/schema\\\/logo\\\/image\\\/\",\"url\":\"https:\\\/\\\/leger360.com\\\/wp-content\\\/uploads\\\/2024\\\/04\\\/2022-Logo-Leger-Blackred-g.png\",\"contentUrl\":\"https:\\\/\\\/leger360.com\\\/wp-content\\\/uploads\\\/2024\\\/04\\\/2022-Logo-Leger-Blackred-g.png\",\"width\":1195,\"height\":686,\"caption\":\"Leger\"},\"image\":{\"@id\":\"https:\\\/\\\/leger360.com\\\/fr\\\/#\\\/schema\\\/logo\\\/image\\\/\"},\"sameAs\":[\"https:\\\/\\\/www.facebook.com\\\/leger360\\\/\",\"https:\\\/\\\/x.com\\\/leger360\",\"https:\\\/\\\/www.linkedin.com\\\/company\\\/leger360\\\/\"],\"description\":\"Leger is one of North America\u2019s fastest-growing market research companies, known for our forward-thinking experts and innovative approaches powered by artificial intelligence (AI) technologies.\"},{\"@type\":\"Person\",\"@id\":\"https:\\\/\\\/leger360.com\\\/fr\\\/#\\\/schema\\\/person\\\/f2b5b8f07fa0b7749cf9193b94a5efc6\",\"name\":\"Caroline Fortin\",\"image\":{\"@type\":\"ImageObject\",\"inLanguage\":\"fr-CA\",\"@id\":\"https:\\\/\\\/secure.gravatar.com\\\/avatar\\\/5e1310d58bd561b1474c669576256a91e5f2fcec2a327cbba6912fb0343d4aec?s=96&d=mm&r=g\",\"url\":\"https:\\\/\\\/secure.gravatar.com\\\/avatar\\\/5e1310d58bd561b1474c669576256a91e5f2fcec2a327cbba6912fb0343d4aec?s=96&d=mm&r=g\",\"contentUrl\":\"https:\\\/\\\/secure.gravatar.com\\\/avatar\\\/5e1310d58bd561b1474c669576256a91e5f2fcec2a327cbba6912fb0343d4aec?s=96&d=mm&r=g\",\"caption\":\"Caroline Fortin\"}}]}<\/script>\n<!-- \/ Yoast SEO Premium plugin. -->","yoast_head_json":{"title":"Rentr\u00e9e scolaire 2026 : priorit\u00e9s des parents canadiens","description":"D\u00e9couvrez les d\u00e9fis de la rentr\u00e9e scolaire 2026, alors que les familles canadiennes doivent composer avec le co\u00fbt et les choix li\u00e9s aux fournitures scolaires.","robots":{"index":"index","follow":"follow","max-snippet":"max-snippet:-1","max-image-preview":"max-image-preview:large","max-video-preview":"max-video-preview:-1"},"canonical":"https:\/\/leger360.com\/fr\/dernieres-nouvelles-rentree-scolaire-2026-les-priorites-des-parents-canadiens\/","og_locale":"fr_CA","og_type":"article","og_title":"Rentr\u00e9e scolaire 2026 : les priorit\u00e9s des parents canadiens","og_description":"D\u00e9couvrez les d\u00e9fis de la rentr\u00e9e scolaire 2026, alors que les familles canadiennes doivent composer avec le co\u00fbt et les choix li\u00e9s aux fournitures scolaires.","og_url":"https:\/\/leger360.com\/fr\/dernieres-nouvelles-rentree-scolaire-2026-les-priorites-des-parents-canadiens\/","og_site_name":"Leger","article_publisher":"https:\/\/www.facebook.com\/leger360\/","article_published_time":"2026-09-02T19:57:23+00:00","article_modified_time":"2026-09-02T19:57:33+00:00","og_image":[{"width":1601,"height":900,"url":"https:\/\/leger360.com\/wp-content\/uploads\/2026\/09\/Back-to-school-cover.png","type":"image\/png"}],"author":"Caroline Fortin","twitter_card":"summary_large_image","twitter_creator":"@leger360","twitter_site":"@leger360","twitter_misc":{"\u00c9crit par":"Caroline Fortin","Estimation du temps de lecture":"4 minutes"},"schema":{"@context":"https:\/\/schema.org","@graph":[{"@type":"Article","@id":"https:\/\/leger360.com\/fr\/dernieres-nouvelles-rentree-scolaire-2026-les-priorites-des-parents-canadiens\/#article","isPartOf":{"@id":"https:\/\/leger360.com\/fr\/dernieres-nouvelles-rentree-scolaire-2026-les-priorites-des-parents-canadiens\/"},"author":{"name":"Caroline Fortin","@id":"https:\/\/leger360.com\/fr\/#\/schema\/person\/f2b5b8f07fa0b7749cf9193b94a5efc6"},"headline":"Rentr\u00e9e scolaire 2026 : les priorit\u00e9s des parents canadiens","datePublished":"2026-09-02T19:57:23+00:00","dateModified":"2026-09-02T19:57:33+00:00","mainEntityOfPage":{"@id":"https:\/\/leger360.com\/fr\/dernieres-nouvelles-rentree-scolaire-2026-les-priorites-des-parents-canadiens\/"},"wordCount":1059,"publisher":{"@id":"https:\/\/leger360.com\/fr\/#organization"},"image":{"@id":"https:\/\/leger360.com\/fr\/dernieres-nouvelles-rentree-scolaire-2026-les-priorites-des-parents-canadiens\/#primaryimage"},"thumbnailUrl":"https:\/\/leger360.com\/wp-content\/uploads\/2026\/09\/Back-to-school-cover.png","keywords":["co\u00fbt des fournitures","\u00e9coles canadiennes","\u00e9ducation","fournitures scolaires","litt\u00e9ratie financi\u00e8re","parents canadiens","rentr\u00e9e scolaire","rentr\u00e9e scolaire 2026","sant\u00e9 mentale","Sondage L\u00e9ger"],"articleSection":["Derni\u00e8res nouvelles"],"inLanguage":"fr-CA"},{"@type":"WebPage","@id":"https:\/\/leger360.com\/fr\/dernieres-nouvelles-rentree-scolaire-2026-les-priorites-des-parents-canadiens\/","url":"https:\/\/leger360.com\/fr\/dernieres-nouvelles-rentree-scolaire-2026-les-priorites-des-parents-canadiens\/","name":"Rentr\u00e9e scolaire 2026 : priorit\u00e9s des parents canadiens","isPartOf":{"@id":"https:\/\/leger360.com\/fr\/#website"},"primaryImageOfPage":{"@id":"https:\/\/leger360.com\/fr\/dernieres-nouvelles-rentree-scolaire-2026-les-priorites-des-parents-canadiens\/#primaryimage"},"image":{"@id":"https:\/\/leger360.com\/fr\/dernieres-nouvelles-rentree-scolaire-2026-les-priorites-des-parents-canadiens\/#primaryimage"},"thumbnailUrl":"https:\/\/leger360.com\/wp-content\/uploads\/2026\/09\/Back-to-school-cover.png","datePublished":"2026-09-02T19:57:23+00:00","dateModified":"2026-09-02T19:57:33+00:00","description":"D\u00e9couvrez les d\u00e9fis de la rentr\u00e9e scolaire 2026, alors que les familles canadiennes doivent composer avec le co\u00fbt et les choix li\u00e9s aux fournitures scolaires.","breadcrumb":{"@id":"https:\/\/leger360.com\/fr\/dernieres-nouvelles-rentree-scolaire-2026-les-priorites-des-parents-canadiens\/#breadcrumb"},"inLanguage":"fr-CA","potentialAction":[{"@type":"ReadAction","target":["https:\/\/leger360.com\/fr\/dernieres-nouvelles-rentree-scolaire-2026-les-priorites-des-parents-canadiens\/"]}]},{"@type":"ImageObject","inLanguage":"fr-CA","@id":"https:\/\/leger360.com\/fr\/dernieres-nouvelles-rentree-scolaire-2026-les-priorites-des-parents-canadiens\/#primaryimage","url":"https:\/\/leger360.com\/wp-content\/uploads\/2026\/09\/Back-to-school-cover.png","contentUrl":"https:\/\/leger360.com\/wp-content\/uploads\/2026\/09\/Back-to-school-cover.png","width":1601,"height":900},{"@type":"BreadcrumbList","@id":"https:\/\/leger360.com\/fr\/dernieres-nouvelles-rentree-scolaire-2026-les-priorites-des-parents-canadiens\/#breadcrumb","itemListElement":[{"@type":"ListItem","position":1,"name":"Home","item":"https:\/\/leger360.com\/fr\/"},{"@type":"ListItem","position":2,"name":"Rentr\u00e9e scolaire 2026 : les priorit\u00e9s des parents canadiens"}]},{"@type":"WebSite","@id":"https:\/\/leger360.com\/fr\/#website","url":"https:\/\/leger360.com\/fr\/","name":"Leger","description":"Market Research | Data Analytics","publisher":{"@id":"https:\/\/leger360.com\/fr\/#organization"},"potentialAction":[{"@type":"SearchAction","target":{"@type":"EntryPoint","urlTemplate":"https:\/\/leger360.com\/fr\/?s={search_term_string}"},"query-input":{"@type":"PropertyValueSpecification","valueRequired":true,"valueName":"search_term_string"}}],"inLanguage":"fr-CA"},{"@type":"Organization","@id":"https:\/\/leger360.com\/fr\/#organization","name":"Leger","url":"https:\/\/leger360.com\/fr\/","logo":{"@type":"ImageObject","inLanguage":"fr-CA","@id":"https:\/\/leger360.com\/fr\/#\/schema\/logo\/image\/","url":"https:\/\/leger360.com\/wp-content\/uploads\/2024\/04\/2022-Logo-Leger-Blackred-g.png","contentUrl":"https:\/\/leger360.com\/wp-content\/uploads\/2024\/04\/2022-Logo-Leger-Blackred-g.png","width":1195,"height":686,"caption":"Leger"},"image":{"@id":"https:\/\/leger360.com\/fr\/#\/schema\/logo\/image\/"},"sameAs":["https:\/\/www.facebook.com\/leger360\/","https:\/\/x.com\/leger360","https:\/\/www.linkedin.com\/company\/leger360\/"],"description":"Leger is one of North America\u2019s fastest-growing market research companies, known for our forward-thinking experts and innovative approaches powered by artificial intelligence (AI) technologies."},{"@type":"Person","@id":"https:\/\/leger360.com\/fr\/#\/schema\/person\/f2b5b8f07fa0b7749cf9193b94a5efc6","name":"Caroline Fortin","image":{"@type":"ImageObject","inLanguage":"fr-CA","@id":"https:\/\/secure.gravatar.com\/avatar\/5e1310d58bd561b1474c669576256a91e5f2fcec2a327cbba6912fb0343d4aec?s=96&d=mm&r=g","url":"https:\/\/secure.gravatar.com\/avatar\/5e1310d58bd561b1474c669576256a91e5f2fcec2a327cbba6912fb0343d4aec?s=96&d=mm&r=g","contentUrl":"https:\/\/secure.gravatar.com\/avatar\/5e1310d58bd561b1474c669576256a91e5f2fcec2a327cbba6912fb0343d4aec?s=96&d=mm&r=g","caption":"Caroline Fortin"}}]}},"_links":{"self":[{"href":"https:\/\/leger360.com\/fr\/wp-json\/wp\/v2\/posts\/29908","targetHints":{"allow":["GET"]}}],"collection":[{"href":"https:\/\/leger360.com\/fr\/wp-json\/wp\/v2\/posts"}],"about":[{"href":"https:\/\/leger360.com\/fr\/wp-json\/wp\/v2\/types\/post"}],"author":[{"embeddable":true,"href":"https:\/\/leger360.com\/fr\/wp-json\/wp\/v2\/users\/38"}],"replies":[{"embeddable":true,"href":"https:\/\/leger360.com\/fr\/wp-json\/wp\/v2\/comments?post=29908"}],"version-history":[{"count":9,"href":"https:\/\/leger360.com\/fr\/wp-json\/wp\/v2\/posts\/29908\/revisions"}],"predecessor-version":[{"id":29989,"href":"https:\/\/leger360.com\/fr\/wp-json\/wp\/v2\/posts\/29908\/revisions\/29989"}],"wp:featuredmedia":[{"embeddable":true,"href":"https:\/\/leger360.com\/fr\/wp-json\/wp\/v2\/media\/29914"}],"wp:attachment":[{"href":"https:\/\/leger360.com\/fr\/wp-json\/wp\/v2\/media?parent=29908"}],"wp:term":[{"taxonomy":"category","embeddable":true,"href":"https:\/\/leger360.com\/fr\/wp-json\/wp\/v2\/categories?post=29908"},{"taxonomy":"post_tag","embeddable":true,"href":"https:\/\/leger360.com\/fr\/wp-json\/wp\/v2\/tags?post=29908"},{"taxonomy":"post_language_cat","embeddable":true,"href":"https:\/\/leger360.com\/fr\/wp-json\/wp\/v2\/post_language_cat?post=29908"}],"curies":[{"name":"wp","href":"https:\/\/api.w.org\/{rel}","templated":true}]}}