{"id":29940,"date":"2026-09-05T06:00:00","date_gmt":"2026-09-05T10:00:00","guid":{"rendered":"https:\/\/leger360.com\/?p=29940"},"modified":"2026-09-02T15:56:56","modified_gmt":"2026-09-02T19:56:56","slug":"dernieres-nouvelles-guerre-commerciale-canada-etats-unis-pays-ennemi","status":"publish","type":"post","link":"https:\/\/leger360.com\/fr\/dernieres-nouvelles-guerre-commerciale-canada-etats-unis-pays-ennemi\/","title":{"rendered":"Guerre commerciale Canada\u2013\u00c9tats-Unis : 41% voient les \u00c9tats-Unis comme un ennemi"},"content":{"rendered":"<p>[et_pb_section fb_built=\u00a0\u00bb1&Prime; _builder_version=\u00a0\u00bb4.27.7&Prime; _module_preset=\u00a0\u00bbdefault\u00a0\u00bb global_colors_info=\u00a0\u00bb{}\u00a0\u00bb][et_pb_row _builder_version=\u00a0\u00bb4.27.7&Prime; _module_preset=\u00a0\u00bbdefault\u00a0\u00bb global_colors_info=\u00a0\u00bb{}\u00a0\u00bb][et_pb_column type=\u00a0\u00bb4_4&Prime; _builder_version=\u00a0\u00bb4.27.7&Prime; _module_preset=\u00a0\u00bbdefault\u00a0\u00bb global_colors_info=\u00a0\u00bb{}\u00a0\u00bb][et_pb_text _builder_version=\u00a0\u00bb4.27.8&Prime; _module_preset=\u00a0\u00bbdefault\u00a0\u00bb hover_enabled=\u00a0\u00bb0&Prime; global_colors_info=\u00a0\u00bb{}\u00a0\u00bb sticky_enabled=\u00a0\u00bb0&Prime;]<\/p>\n<p class=\"isSelectedEnd\"><span>Les tensions commerciales entre le Canada et les \u00c9tats-Unis influencent de plus en plus la perception que les Canadiens ont de leur voisin du Sud, alors que le co\u00fbt de la vie demeure leur principale pr\u00e9occupation.<\/span><\/p>\n<p class=\"isSelectedEnd\"><span>Selon notre plus r\u00e9cent sondage, 41% des Canadiens consid\u00e8rent maintenant les \u00c9tats-Unis comme un pays ennemi, une hausse de 15 points depuis juin 2025.<\/span><\/p>\n<p class=\"isSelectedEnd\"><span>Parall\u00e8lement, 64% affirment que leur perception des \u00c9tats-Unis changerait si Donald Trump n\u2019\u00e9tait plus pr\u00e9sident.<\/span><\/p>\n<p><span>Les r\u00e9percussions \u00e9conomiques sont \u00e9galement de plus en plus concr\u00e8tes. La majorit\u00e9 des Canadiens s\u2019attendent \u00e0 ce que les nouveaux tarifs aient une incidence sur leurs finances et \u00e0 ce qu\u2019ils fassent augmenter les prix \u00e0 la consommation. Malgr\u00e9 cela, l\u2019appui \u00e0 la r\u00e9ponse du Canada demeure \u00e9lev\u00e9.<\/span><\/p>\n<p>[\/et_pb_text][et_pb_image src=\u00a0\u00bbhttps:\/\/leger360.com\/wp-content\/uploads\/2026\/08\/Copy-of-Alberta-Pipeline.jpg\u00a0\u00bb alt=\u00a0\u00bbCanada\u2013\u00c9tats-Unis n\u00e9gociations commerciales\u00a0\u00bb title_text=\u00a0\u00bbCanada\u2013\u00c9tats-Unis n\u00e9gociations commerciales\u00a0\u00bb _builder_version=\u00a0\u00bb4.27.7&Prime; _module_preset=\u00a0\u00bbdefault\u00a0\u00bb custom_margin=\u00a0\u00bb30px||||false|false\u00a0\u00bb border_radii=\u00a0\u00bbon|30px|30px|30px|30px\u00a0\u00bb global_colors_info=\u00a0\u00bb{}\u00a0\u00bb][\/et_pb_image][et_pb_heading title=\u00a0\u00bbFaits saillants\u00a0\u00bb _builder_version=\u00a0\u00bb4.27.7&Prime; _module_preset=\u00a0\u00bbdefault\u00a0\u00bb title_level=\u00a0\u00bbh2&Prime; custom_margin=\u00a0\u00bb45px||||false|false\u00a0\u00bb global_colors_info=\u00a0\u00bb{}\u00a0\u00bb][\/et_pb_heading][et_pb_text _builder_version=\u00a0\u00bb4.27.8&Prime; _module_preset=\u00a0\u00bbdefault\u00a0\u00bb hover_enabled=\u00a0\u00bb0&Prime; global_colors_info=\u00a0\u00bb{}\u00a0\u00bb sticky_enabled=\u00a0\u00bb0&Prime;]<\/p>\n<ul>\n<li>41% des Canadiens consid\u00e8rent les \u00c9tats-Unis comme un pays ennemi, contre 22% qui les consid\u00e8rent comme un alli\u00e9 et 22% comme un pays neutre. La proportion qui les qualifie d\u2019\u00ab ennemi \u00bb a augment\u00e9 de 15 points depuis juin 2025.<\/li>\n<li>64% affirment que leur perception des \u00c9tats-Unis changerait si Donald Trump n\u2019\u00e9tait plus pr\u00e9sident, tandis que 21% disent qu\u2019elle ne changerait pas.<\/li>\n<li>85% ne souhaiteraient pas que le Canada devienne le 51e \u00c9tat am\u00e9ricain, contre 9% qui le souhaiteraient.<\/li>\n<li>63% s\u2019attendent \u00e0 ce que les nouveaux tarifs aient un impact majeur ou mod\u00e9r\u00e9 sur leur situation financi\u00e8re personnelle, tandis que 87% anticipent au moins un certain impact.<\/li>\n<li>74% sont d\u2019accord avec la d\u00e9cision du gouvernement f\u00e9d\u00e9ral d\u2019imposer de nouveaux tarifs sur certains produits am\u00e9ricains. Parmi les r\u00e9pondants auxquels les questions sur les tarifs ont \u00e9t\u00e9 pos\u00e9es,<\/li>\n<li>78% s\u2019attendent \u00e0 une hausse des prix \u00e0 la consommation, mais 66% seraient tout de m\u00eame d\u2019accord avec l\u2019imposition de ces tarifs m\u00eame si certains prix augmentaient.<\/li>\n<\/ul>\n<p>[\/et_pb_text][et_pb_button button_url=\u00a0\u00bb@ET-DC@eyJkeW5hbWljIjp0cnVlLCJjb250ZW50IjoicG9zdF9saW5rX3VybF9hdHRhY2htZW50Iiwic2V0dGluZ3MiOnsicG9zdF9pZCI6IjI5OTQ2In19@\u00a0\u00bb url_new_window=\u00a0\u00bbon\u00a0\u00bb button_text=\u00a0\u00bbT\u00e9l\u00e9chargez le rapport\u00a0\u00bb _builder_version=\u00a0\u00bb4.27.8&Prime; _module_preset=\u00a0\u00bbdefault\u00a0\u00bb hover_enabled=\u00a0\u00bb0&Prime; global_colors_info=\u00a0\u00bb{}\u00a0\u00bb _dynamic_attributes=\u00a0\u00bbbutton_url\u00a0\u00bb sticky_enabled=\u00a0\u00bb0&Prime;][\/et_pb_button][et_pb_heading title=\u00a0\u00bbLes Canadiens distinguent les \u00c9tats-Unis de leur leadership actuel\u00a0\u00bb _builder_version=\u00a0\u00bb4.27.8&Prime; _module_preset=\u00a0\u00bbdefault\u00a0\u00bb title_level=\u00a0\u00bbh2&Prime; custom_margin=\u00a0\u00bb45px||||false|false\u00a0\u00bb hover_enabled=\u00a0\u00bb0&Prime; global_colors_info=\u00a0\u00bb{}\u00a0\u00bb sticky_enabled=\u00a0\u00bb0&Prime;][\/et_pb_heading][et_pb_text _builder_version=\u00a0\u00bb4.27.8&Prime; _module_preset=\u00a0\u00bbdefault\u00a0\u00bb hover_enabled=\u00a0\u00bb0&Prime; global_colors_info=\u00a0\u00bb{}\u00a0\u00bb sticky_enabled=\u00a0\u00bb0&Prime;]<\/p>\n<p class=\"isSelectedEnd\"><span>Les perceptions n\u00e9gatives sont particuli\u00e8rement marqu\u00e9es chez les Qu\u00e9b\u00e9cois et les Canadiens de 55 ans et plus : 49% des Qu\u00e9b\u00e9cois et 51% des Canadiens de 55 ans et plus consid\u00e8rent les \u00c9tats-Unis comme un pays ennemi.<\/span><\/p>\n<p class=\"isSelectedEnd\"><span>Les Canadiens plus jeunes sont davantage partag\u00e9s. Chez les 18 \u00e0 34 ans, 31% consid\u00e8rent les \u00c9tats-Unis comme un pays ennemi et la m\u00eame proportion, 31%, les d\u00e9crit comme un pays neutre.<\/span><\/p>\n<p><span>La perception des \u00c9tats-Unis semble aussi \u00e9troitement li\u00e9e \u00e0 leur leadership actuel. Au Qu\u00e9bec, 72% des r\u00e9pondants disent que leur perception des \u00c9tats-Unis changerait si Donald Trump n\u2019\u00e9tait plus pr\u00e9sident. C\u2019est \u00e9galement le cas de 71% des femmes.<\/span><\/p>\n<p>[\/et_pb_text][et_pb_heading title=\u00a0\u00bbLes tensions commerciales s\u2019ajoutent aux pr\u00e9occupations \u00e9conomiques\u00a0\u00bb _builder_version=\u00a0\u00bb4.27.8&Prime; _module_preset=\u00a0\u00bbdefault\u00a0\u00bb title_level=\u00a0\u00bbh2&Prime; custom_margin=\u00a0\u00bb45px||||false|false\u00a0\u00bb hover_enabled=\u00a0\u00bb0&Prime; global_colors_info=\u00a0\u00bb{}\u00a0\u00bb sticky_enabled=\u00a0\u00bb0&Prime;][\/et_pb_heading][et_pb_text _builder_version=\u00a0\u00bb4.27.8&Prime; _module_preset=\u00a0\u00bbdefault\u00a0\u00bb hover_enabled=\u00a0\u00bb0&Prime; global_colors_info=\u00a0\u00bb{}\u00a0\u00bb sticky_enabled=\u00a0\u00bb0&Prime;]<\/p>\n<p class=\"isSelectedEnd\"><span>Le conflit commercial vient s\u2019ajouter aux pr\u00e9occupations li\u00e9es au co\u00fbt de la vie. L\u2019inflation et la hausse du co\u00fbt des biens constituent la principale pr\u00e9occupation chez les 18 \u00e0 34 ans (41%) et les 35 \u00e0 54 ans (42%). <\/span><span>Chez les Canadiens de 55 ans et plus, les tarifs, Donald Trump et l\u2019agression am\u00e9ricaine arrivent en t\u00eate, \u00e0 36%.<\/span><\/p>\n<p class=\"isSelectedEnd\"><span>Les pr\u00e9occupations \u00e9conomiques sont \u00e9galement plus marqu\u00e9es chez les plus jeunes. Cinquante-six pour cent des 18 \u00e0 34 ans estiment que le Canada est d\u00e9j\u00e0 en r\u00e9cession.<\/span><\/p>\n<p><span>Parmi les Canadiens qui occupent un emploi \u00e0 temps plein ou \u00e0 temps partiel, 46% des 18 \u00e0 34 ans se disent pr\u00e9occup\u00e9s \u00e0 l\u2019id\u00e9e de perdre leur emploi au cours des 12 prochains mois.<\/span><\/p>\n<p>[\/et_pb_text][et_pb_heading title=\u00a0\u00bbL\u2019appui aux tarifs demeure \u00e9lev\u00e9 malgr\u00e9 les hausses de prix anticip\u00e9es\u00a0\u00bb _builder_version=\u00a0\u00bb4.27.8&Prime; _module_preset=\u00a0\u00bbdefault\u00a0\u00bb title_level=\u00a0\u00bbh2&Prime; custom_margin=\u00a0\u00bb45px||||false|false\u00a0\u00bb hover_enabled=\u00a0\u00bb0&Prime; global_colors_info=\u00a0\u00bb{}\u00a0\u00bb sticky_enabled=\u00a0\u00bb0&Prime;][\/et_pb_heading][et_pb_text _builder_version=\u00a0\u00bb4.27.8&Prime; _module_preset=\u00a0\u00bbdefault\u00a0\u00bb hover_enabled=\u00a0\u00bb0&Prime; global_colors_info=\u00a0\u00bb{}\u00a0\u00bb sticky_enabled=\u00a0\u00bb0&Prime;]<\/p>\n<p class=\"isSelectedEnd\"><span>L\u2019appui aux tarifs du gouvernement f\u00e9d\u00e9ral est particuli\u00e8rement \u00e9lev\u00e9 chez les Canadiens de 55 ans et plus (83%), en Colombie-Britannique (80%) et au Qu\u00e9bec (78%).<\/span><\/p>\n<p class=\"isSelectedEnd\"><span>M\u00eame lorsque la possibilit\u00e9 d\u2019une hausse des prix est explicitement mentionn\u00e9e, l\u2019appui demeure le plus \u00e9lev\u00e9 chez les Canadiens de 55 ans et plus, \u00e0 76%.<\/span><\/p>\n<p class=\"isSelectedEnd\"><span>Les consid\u00e9rations li\u00e9es aux prix ne se traduisent pas n\u00e9cessairement par un appui \u00e0 un meilleur acc\u00e8s aux produits am\u00e9ricains. La moiti\u00e9 des Canadiens s\u2019opposent \u00e0 permettre l\u2019entr\u00e9e de davantage de produits laitiers et d\u2019autres produits alimentaires am\u00e9ricains au Canada en \u00e9change de prix plus bas. Cette proportion atteint 61% au Qu\u00e9bec et chez les Canadiens de 55 ans et plus.<\/span><\/p>\n<p class=\"isSelectedEnd\"><span>Les tensions commerciales co\u00efncident \u00e9galement avec une plus grande intensit\u00e9 de la fiert\u00e9 canadienne. Alors que 83% des Canadiens se disent fiers d\u2019\u00eatre Canadiens, une proportion stable depuis juin 2025, 56% se disent maintenant <\/span><strong><span>tr\u00e8s fiers<\/span><\/strong><span>, soit une hausse de 11 points.<\/span><\/p>\n<p><span>Parmi les Canadiens qui disent \u00eatre devenus plus fiers au cours des derniers mois, 72% attribuent cette hausse \u00e0 certaines d\u00e9clarations du pr\u00e9sident Trump au sujet du Canada.<\/span><\/p>\n<p>[\/et_pb_text][et_pb_divider _builder_version=\u00a0\u00bb4.27.7&Prime; _module_preset=\u00a0\u00bbdefault\u00a0\u00bb custom_margin=\u00a0\u00bb45px||||false|false\u00a0\u00bb global_colors_info=\u00a0\u00bb{}\u00a0\u00bb][\/et_pb_divider][et_pb_heading title=\u00a0\u00bbM\u00e9thodologie\u00a0\u00bb _builder_version=\u00a0\u00bb4.27.7&Prime; _module_preset=\u00a0\u00bbdefault\u00a0\u00bb title_level=\u00a0\u00bbh3&Prime; custom_margin=\u00a0\u00bb30px||||false|false\u00a0\u00bb global_colors_info=\u00a0\u00bb{}\u00a0\u00bb][\/et_pb_heading][et_pb_text _builder_version=\u00a0\u00bb4.27.8&Prime; _module_preset=\u00a0\u00bbdefault\u00a0\u00bb hover_enabled=\u00a0\u00bb0&Prime; global_colors_info=\u00a0\u00bb{}\u00a0\u00bb sticky_enabled=\u00a0\u00bb0&Prime;]<\/p>\n<p class=\"isSelectedEnd\">Ce sondage en ligne a \u00e9t\u00e9 r\u00e9alis\u00e9 du 28 au 31 ao\u00fbt 2026 aupr\u00e8s de 1 552 r\u00e9pondants canadiens \u00e2g\u00e9s de 18 ans et plus, recrut\u00e9s al\u00e9atoirement \u00e0 partir du panel en ligne LEO de L\u00e9ger. Les r\u00e9pondants pouvaient r\u00e9pondre au sondage en fran\u00e7ais ou en anglais. Les r\u00e9sultats ont \u00e9t\u00e9 pond\u00e9r\u00e9s selon l\u2019\u00e2ge, le genre, la langue maternelle, la r\u00e9gion, le niveau de scolarit\u00e9 et la pr\u00e9sence d\u2019enfants dans le m\u00e9nage afin d\u2019assurer un \u00e9chantillon repr\u00e9sentatif de la population canadienne. \u00c0 titre comparatif, un \u00e9chantillon probabiliste de cette taille aurait une marge d\u2019erreur d\u2019au plus \u00b12,48 points de pourcentage, 19 fois sur 20. Les donn\u00e9es ont \u00e9t\u00e9 arrondies; les totaux peuvent donc diff\u00e9rer de la somme manuelle des r\u00e9sultats pr\u00e9sent\u00e9s.<\/p>\n<p>Les questions 13 \u00e0 15 ont \u00e9t\u00e9 pos\u00e9es \u00e0 l\u2019aide d\u2019un sur\u00e9chantillon de 1 000 r\u00e9pondants qu\u00e9b\u00e9cois, portant l\u2019\u00e9chantillon total \u00e0 2 028 r\u00e9pondants pour ces questions. Les r\u00e9sultats pour l\u2019ensemble du Canada ont \u00e9t\u00e9 pond\u00e9r\u00e9s en cons\u00e9quence.<\/p>\n<p>[\/et_pb_text][\/et_pb_column][\/et_pb_row][\/et_pb_section]<\/p>\n","protected":false},"excerpt":{"rendered":"<p>Les tensions commerciales entre le Canada et les \u00c9tats-Unis influencent de plus en plus la perception que les Canadiens ont de leur voisin du Sud, alors que le co\u00fbt de la vie demeure leur principale pr\u00e9occupation. Selon notre plus r\u00e9cent sondage, 41% des Canadiens consid\u00e8rent maintenant les \u00c9tats-Unis comme un pays ennemi, une hausse de 15 points depuis juin 2025. Parall\u00e8lement, 64% affirment que leur perception des \u00c9tats-Unis changerait si Donald Trump n\u2019\u00e9tait plus pr\u00e9sident. Les r\u00e9percussions \u00e9conomiques sont \u00e9galement de plus en plus concr\u00e8tes. La majorit\u00e9 des Canadiens s\u2019attendent \u00e0 ce que les nouveaux tarifs aient une incidence sur leurs finances et \u00e0 ce qu\u2019ils fassent augmenter les prix \u00e0 la consommation. Malgr\u00e9 cela, l\u2019appui \u00e0 la r\u00e9ponse du Canada demeure \u00e9lev\u00e9. 41% des Canadiens consid\u00e8rent les \u00c9tats-Unis comme un pays ennemi, contre 22% qui les consid\u00e8rent comme un alli\u00e9 et 22% comme un pays neutre. La proportion qui les qualifie d\u2019\u00ab ennemi \u00bb a augment\u00e9 de 15 points depuis juin 2025. 64% affirment que leur perception des \u00c9tats-Unis changerait si Donald Trump n\u2019\u00e9tait plus pr\u00e9sident, tandis que 21% disent qu\u2019elle ne changerait pas. 85% ne souhaiteraient pas que le Canada devienne le 51e \u00c9tat am\u00e9ricain, contre 9% qui [&hellip;]<\/p>\n","protected":false},"author":38,"featured_media":29696,"comment_status":"closed","ping_status":"closed","sticky":false,"template":"","format":"standard","meta":{"_acf_changed":false,"_et_pb_use_builder":"on","_et_pb_old_content":"","_et_gb_content_width":"","content-type":"","inline_featured_image":false,"footnotes":""},"categories":[1037],"tags":[1628,1670,1674,1672,1675,1644,1038,1671,1673,1042,207,489,1041,212,1040,1049,1039,155],"post_language_cat":[42],"class_list":["post-29940","post","type-post","status-publish","format-standard","has-post-thumbnail","hentry","category-dernieres-nouvelles","tag-aceum","tag-canada-etats-unis","tag-canada-etats-unis-negociations","tag-commerce-international","tag-droits-de-douane","tag-echange-canada-etats-unis","tag-enquete-leger","tag-etats-unis-negociations","tag-negociations-commerciales","tag-opinion-publique-2","tag-opinion-publique","tag-politique-canada","tag-politique-canada-2","tag-politique-canadienne","tag-politique-canadienne-2","tag-satisfaction-a-legard-du-gouvernement-canada","tag-sondage-leger-2","tag-sondage-leger","post_language_cat-fr-in-the-news"],"acf":[],"yoast_head":"<!-- This site is optimized with the Yoast SEO Premium plugin v28.4 (Yoast SEO v28.4) - https:\/\/yoast.com\/product\/yoast-seo-premium-wordpress\/ -->\n<title>Guerre commerciale Canada\u2013\u00c9tats-Unis : 41% voient les \u00c9tats-Unis comme un ennemi<\/title>\n<meta name=\"description\" content=\"D\u00e9couvrez comment les tensions commerciales avec les \u00c9tats-Unis influencent les pr\u00e9occupations \u00e9conomiques, l\u2019opinion publique et la fiert\u00e9 des Canadiens.\" \/>\n<meta name=\"robots\" content=\"index, follow, max-snippet:-1, max-image-preview:large, max-video-preview:-1\" \/>\n<link rel=\"canonical\" href=\"https:\/\/leger360.com\/fr\/dernieres-nouvelles-guerre-commerciale-canada-etats-unis-pays-ennemi\/\" \/>\n<meta property=\"og:locale\" content=\"fr_CA\" \/>\n<meta property=\"og:type\" content=\"article\" \/>\n<meta property=\"og:title\" content=\"Guerre commerciale Canada\u2013\u00c9tats-Unis : 41% voient les \u00c9tats-Unis comme un ennemi\" \/>\n<meta property=\"og:description\" content=\"D\u00e9couvrez comment les tensions commerciales avec les \u00c9tats-Unis influencent les pr\u00e9occupations \u00e9conomiques, l\u2019opinion publique et la fiert\u00e9 des Canadiens.\" \/>\n<meta property=\"og:url\" content=\"https:\/\/leger360.com\/fr\/dernieres-nouvelles-guerre-commerciale-canada-etats-unis-pays-ennemi\/\" \/>\n<meta property=\"og:site_name\" content=\"Leger\" \/>\n<meta property=\"article:publisher\" content=\"https:\/\/www.facebook.com\/leger360\/\" \/>\n<meta property=\"article:published_time\" content=\"2026-09-05T10:00:00+00:00\" \/>\n<meta property=\"og:image\" content=\"https:\/\/leger360.com\/wp-content\/uploads\/2026\/08\/Copy-of-Alberta-Pipeline.jpg\" \/>\n\t<meta property=\"og:image:width\" content=\"1920\" \/>\n\t<meta property=\"og:image:height\" content=\"1080\" \/>\n\t<meta property=\"og:image:type\" content=\"image\/jpeg\" \/>\n<meta name=\"author\" content=\"Caroline Fortin\" \/>\n<meta name=\"twitter:card\" content=\"summary_large_image\" \/>\n<meta name=\"twitter:creator\" content=\"@leger360\" \/>\n<meta name=\"twitter:site\" content=\"@leger360\" \/>\n<meta name=\"twitter:label1\" content=\"\u00c9crit par\" \/>\n\t<meta name=\"twitter:data1\" content=\"Caroline Fortin\" \/>\n\t<meta name=\"twitter:label2\" content=\"Estimation du temps de lecture\" \/>\n\t<meta name=\"twitter:data2\" content=\"5 minutes\" \/>\n<script type=\"application\/ld+json\" class=\"yoast-schema-graph\">{\"@context\":\"https:\\\/\\\/schema.org\",\"@graph\":[{\"@type\":\"Article\",\"@id\":\"https:\\\/\\\/leger360.com\\\/fr\\\/dernieres-nouvelles-guerre-commerciale-canada-etats-unis-pays-ennemi\\\/#article\",\"isPartOf\":{\"@id\":\"https:\\\/\\\/leger360.com\\\/fr\\\/dernieres-nouvelles-guerre-commerciale-canada-etats-unis-pays-ennemi\\\/\"},\"author\":{\"name\":\"Caroline Fortin\",\"@id\":\"https:\\\/\\\/leger360.com\\\/fr\\\/#\\\/schema\\\/person\\\/f2b5b8f07fa0b7749cf9193b94a5efc6\"},\"headline\":\"Guerre commerciale Canada\u2013\u00c9tats-Unis : 41% voient les \u00c9tats-Unis comme un ennemi\",\"datePublished\":\"2026-09-05T10:00:00+00:00\",\"mainEntityOfPage\":{\"@id\":\"https:\\\/\\\/leger360.com\\\/fr\\\/dernieres-nouvelles-guerre-commerciale-canada-etats-unis-pays-ennemi\\\/\"},\"wordCount\":1342,\"publisher\":{\"@id\":\"https:\\\/\\\/leger360.com\\\/fr\\\/#organization\"},\"image\":{\"@id\":\"https:\\\/\\\/leger360.com\\\/fr\\\/dernieres-nouvelles-guerre-commerciale-canada-etats-unis-pays-ennemi\\\/#primaryimage\"},\"thumbnailUrl\":\"https:\\\/\\\/leger360.com\\\/wp-content\\\/uploads\\\/2026\\\/08\\\/Copy-of-Alberta-Pipeline.jpg\",\"keywords\":[\"ACEUM\",\"Canada\u2013\u00c9tats-Unis\",\"Canada\u2013\u00c9tats-Unis n\u00e9gociations\",\"commerce international\",\"droits de douane\",\"\u00e9change canada \u00e9tats-unis\",\"Enqu\u00eate L\u00e9ger\",\"\u00c9tats-Unis n\u00e9gociations\",\"n\u00e9gociations commerciales\",\"opinion publique\",\"Opinion publique\",\"politique canada\",\"Politique Canada\",\"Politique canadienne\",\"Politique canadienne\",\"satisfaction \u00e0 l'\u00e9gard du gouvernement Canada\",\"Sondage L\u00e9ger\",\"Sondage L\u00e9ger\"],\"articleSection\":[\"Derni\u00e8res nouvelles\"],\"inLanguage\":\"fr-CA\"},{\"@type\":\"WebPage\",\"@id\":\"https:\\\/\\\/leger360.com\\\/fr\\\/dernieres-nouvelles-guerre-commerciale-canada-etats-unis-pays-ennemi\\\/\",\"url\":\"https:\\\/\\\/leger360.com\\\/fr\\\/dernieres-nouvelles-guerre-commerciale-canada-etats-unis-pays-ennemi\\\/\",\"name\":\"Guerre commerciale Canada\u2013\u00c9tats-Unis : 41% voient les \u00c9tats-Unis comme un ennemi\",\"isPartOf\":{\"@id\":\"https:\\\/\\\/leger360.com\\\/fr\\\/#website\"},\"primaryImageOfPage\":{\"@id\":\"https:\\\/\\\/leger360.com\\\/fr\\\/dernieres-nouvelles-guerre-commerciale-canada-etats-unis-pays-ennemi\\\/#primaryimage\"},\"image\":{\"@id\":\"https:\\\/\\\/leger360.com\\\/fr\\\/dernieres-nouvelles-guerre-commerciale-canada-etats-unis-pays-ennemi\\\/#primaryimage\"},\"thumbnailUrl\":\"https:\\\/\\\/leger360.com\\\/wp-content\\\/uploads\\\/2026\\\/08\\\/Copy-of-Alberta-Pipeline.jpg\",\"datePublished\":\"2026-09-05T10:00:00+00:00\",\"description\":\"D\u00e9couvrez comment les tensions commerciales avec les \u00c9tats-Unis influencent les pr\u00e9occupations \u00e9conomiques, l\u2019opinion publique et la fiert\u00e9 des Canadiens.\",\"breadcrumb\":{\"@id\":\"https:\\\/\\\/leger360.com\\\/fr\\\/dernieres-nouvelles-guerre-commerciale-canada-etats-unis-pays-ennemi\\\/#breadcrumb\"},\"inLanguage\":\"fr-CA\",\"potentialAction\":[{\"@type\":\"ReadAction\",\"target\":[\"https:\\\/\\\/leger360.com\\\/fr\\\/dernieres-nouvelles-guerre-commerciale-canada-etats-unis-pays-ennemi\\\/\"]}]},{\"@type\":\"ImageObject\",\"inLanguage\":\"fr-CA\",\"@id\":\"https:\\\/\\\/leger360.com\\\/fr\\\/dernieres-nouvelles-guerre-commerciale-canada-etats-unis-pays-ennemi\\\/#primaryimage\",\"url\":\"https:\\\/\\\/leger360.com\\\/wp-content\\\/uploads\\\/2026\\\/08\\\/Copy-of-Alberta-Pipeline.jpg\",\"contentUrl\":\"https:\\\/\\\/leger360.com\\\/wp-content\\\/uploads\\\/2026\\\/08\\\/Copy-of-Alberta-Pipeline.jpg\",\"width\":1920,\"height\":1080,\"caption\":\"Canada US Trade Negociations\"},{\"@type\":\"BreadcrumbList\",\"@id\":\"https:\\\/\\\/leger360.com\\\/fr\\\/dernieres-nouvelles-guerre-commerciale-canada-etats-unis-pays-ennemi\\\/#breadcrumb\",\"itemListElement\":[{\"@type\":\"ListItem\",\"position\":1,\"name\":\"Home\",\"item\":\"https:\\\/\\\/leger360.com\\\/fr\\\/\"},{\"@type\":\"ListItem\",\"position\":2,\"name\":\"Guerre commerciale Canada\u2013\u00c9tats-Unis : 41% voient les \u00c9tats-Unis comme un ennemi\"}]},{\"@type\":\"WebSite\",\"@id\":\"https:\\\/\\\/leger360.com\\\/fr\\\/#website\",\"url\":\"https:\\\/\\\/leger360.com\\\/fr\\\/\",\"name\":\"Leger\",\"description\":\"Market Research | Data Analytics\",\"publisher\":{\"@id\":\"https:\\\/\\\/leger360.com\\\/fr\\\/#organization\"},\"potentialAction\":[{\"@type\":\"SearchAction\",\"target\":{\"@type\":\"EntryPoint\",\"urlTemplate\":\"https:\\\/\\\/leger360.com\\\/fr\\\/?s={search_term_string}\"},\"query-input\":{\"@type\":\"PropertyValueSpecification\",\"valueRequired\":true,\"valueName\":\"search_term_string\"}}],\"inLanguage\":\"fr-CA\"},{\"@type\":\"Organization\",\"@id\":\"https:\\\/\\\/leger360.com\\\/fr\\\/#organization\",\"name\":\"Leger\",\"url\":\"https:\\\/\\\/leger360.com\\\/fr\\\/\",\"logo\":{\"@type\":\"ImageObject\",\"inLanguage\":\"fr-CA\",\"@id\":\"https:\\\/\\\/leger360.com\\\/fr\\\/#\\\/schema\\\/logo\\\/image\\\/\",\"url\":\"https:\\\/\\\/leger360.com\\\/wp-content\\\/uploads\\\/2024\\\/04\\\/2022-Logo-Leger-Blackred-g.png\",\"contentUrl\":\"https:\\\/\\\/leger360.com\\\/wp-content\\\/uploads\\\/2024\\\/04\\\/2022-Logo-Leger-Blackred-g.png\",\"width\":1195,\"height\":686,\"caption\":\"Leger\"},\"image\":{\"@id\":\"https:\\\/\\\/leger360.com\\\/fr\\\/#\\\/schema\\\/logo\\\/image\\\/\"},\"sameAs\":[\"https:\\\/\\\/www.facebook.com\\\/leger360\\\/\",\"https:\\\/\\\/x.com\\\/leger360\",\"https:\\\/\\\/www.linkedin.com\\\/company\\\/leger360\\\/\"],\"description\":\"Leger is one of North America\u2019s fastest-growing market research companies, known for our forward-thinking experts and innovative approaches powered by artificial intelligence (AI) technologies.\"},{\"@type\":\"Person\",\"@id\":\"https:\\\/\\\/leger360.com\\\/fr\\\/#\\\/schema\\\/person\\\/f2b5b8f07fa0b7749cf9193b94a5efc6\",\"name\":\"Caroline Fortin\",\"image\":{\"@type\":\"ImageObject\",\"inLanguage\":\"fr-CA\",\"@id\":\"https:\\\/\\\/secure.gravatar.com\\\/avatar\\\/5e1310d58bd561b1474c669576256a91e5f2fcec2a327cbba6912fb0343d4aec?s=96&d=mm&r=g\",\"url\":\"https:\\\/\\\/secure.gravatar.com\\\/avatar\\\/5e1310d58bd561b1474c669576256a91e5f2fcec2a327cbba6912fb0343d4aec?s=96&d=mm&r=g\",\"contentUrl\":\"https:\\\/\\\/secure.gravatar.com\\\/avatar\\\/5e1310d58bd561b1474c669576256a91e5f2fcec2a327cbba6912fb0343d4aec?s=96&d=mm&r=g\",\"caption\":\"Caroline Fortin\"}}]}<\/script>\n<!-- \/ Yoast SEO Premium plugin. -->","yoast_head_json":{"title":"Guerre commerciale Canada\u2013\u00c9tats-Unis : 41% voient les \u00c9tats-Unis comme un ennemi","description":"D\u00e9couvrez comment les tensions commerciales avec les \u00c9tats-Unis influencent les pr\u00e9occupations \u00e9conomiques, l\u2019opinion publique et la fiert\u00e9 des Canadiens.","robots":{"index":"index","follow":"follow","max-snippet":"max-snippet:-1","max-image-preview":"max-image-preview:large","max-video-preview":"max-video-preview:-1"},"canonical":"https:\/\/leger360.com\/fr\/dernieres-nouvelles-guerre-commerciale-canada-etats-unis-pays-ennemi\/","og_locale":"fr_CA","og_type":"article","og_title":"Guerre commerciale Canada\u2013\u00c9tats-Unis : 41% voient les \u00c9tats-Unis comme un ennemi","og_description":"D\u00e9couvrez comment les tensions commerciales avec les \u00c9tats-Unis influencent les pr\u00e9occupations \u00e9conomiques, l\u2019opinion publique et la fiert\u00e9 des Canadiens.","og_url":"https:\/\/leger360.com\/fr\/dernieres-nouvelles-guerre-commerciale-canada-etats-unis-pays-ennemi\/","og_site_name":"Leger","article_publisher":"https:\/\/www.facebook.com\/leger360\/","article_published_time":"2026-09-05T10:00:00+00:00","og_image":[{"width":1920,"height":1080,"url":"https:\/\/leger360.com\/wp-content\/uploads\/2026\/08\/Copy-of-Alberta-Pipeline.jpg","type":"image\/jpeg"}],"author":"Caroline Fortin","twitter_card":"summary_large_image","twitter_creator":"@leger360","twitter_site":"@leger360","twitter_misc":{"\u00c9crit par":"Caroline Fortin","Estimation du temps de lecture":"5 minutes"},"schema":{"@context":"https:\/\/schema.org","@graph":[{"@type":"Article","@id":"https:\/\/leger360.com\/fr\/dernieres-nouvelles-guerre-commerciale-canada-etats-unis-pays-ennemi\/#article","isPartOf":{"@id":"https:\/\/leger360.com\/fr\/dernieres-nouvelles-guerre-commerciale-canada-etats-unis-pays-ennemi\/"},"author":{"name":"Caroline Fortin","@id":"https:\/\/leger360.com\/fr\/#\/schema\/person\/f2b5b8f07fa0b7749cf9193b94a5efc6"},"headline":"Guerre commerciale Canada\u2013\u00c9tats-Unis : 41% voient les \u00c9tats-Unis comme un ennemi","datePublished":"2026-09-05T10:00:00+00:00","mainEntityOfPage":{"@id":"https:\/\/leger360.com\/fr\/dernieres-nouvelles-guerre-commerciale-canada-etats-unis-pays-ennemi\/"},"wordCount":1342,"publisher":{"@id":"https:\/\/leger360.com\/fr\/#organization"},"image":{"@id":"https:\/\/leger360.com\/fr\/dernieres-nouvelles-guerre-commerciale-canada-etats-unis-pays-ennemi\/#primaryimage"},"thumbnailUrl":"https:\/\/leger360.com\/wp-content\/uploads\/2026\/08\/Copy-of-Alberta-Pipeline.jpg","keywords":["ACEUM","Canada\u2013\u00c9tats-Unis","Canada\u2013\u00c9tats-Unis n\u00e9gociations","commerce international","droits de douane","\u00e9change canada \u00e9tats-unis","Enqu\u00eate L\u00e9ger","\u00c9tats-Unis n\u00e9gociations","n\u00e9gociations commerciales","opinion publique","Opinion publique","politique canada","Politique Canada","Politique canadienne","Politique canadienne","satisfaction \u00e0 l'\u00e9gard du gouvernement Canada","Sondage L\u00e9ger","Sondage L\u00e9ger"],"articleSection":["Derni\u00e8res nouvelles"],"inLanguage":"fr-CA"},{"@type":"WebPage","@id":"https:\/\/leger360.com\/fr\/dernieres-nouvelles-guerre-commerciale-canada-etats-unis-pays-ennemi\/","url":"https:\/\/leger360.com\/fr\/dernieres-nouvelles-guerre-commerciale-canada-etats-unis-pays-ennemi\/","name":"Guerre commerciale Canada\u2013\u00c9tats-Unis : 41% voient les \u00c9tats-Unis comme un ennemi","isPartOf":{"@id":"https:\/\/leger360.com\/fr\/#website"},"primaryImageOfPage":{"@id":"https:\/\/leger360.com\/fr\/dernieres-nouvelles-guerre-commerciale-canada-etats-unis-pays-ennemi\/#primaryimage"},"image":{"@id":"https:\/\/leger360.com\/fr\/dernieres-nouvelles-guerre-commerciale-canada-etats-unis-pays-ennemi\/#primaryimage"},"thumbnailUrl":"https:\/\/leger360.com\/wp-content\/uploads\/2026\/08\/Copy-of-Alberta-Pipeline.jpg","datePublished":"2026-09-05T10:00:00+00:00","description":"D\u00e9couvrez comment les tensions commerciales avec les \u00c9tats-Unis influencent les pr\u00e9occupations \u00e9conomiques, l\u2019opinion publique et la fiert\u00e9 des Canadiens.","breadcrumb":{"@id":"https:\/\/leger360.com\/fr\/dernieres-nouvelles-guerre-commerciale-canada-etats-unis-pays-ennemi\/#breadcrumb"},"inLanguage":"fr-CA","potentialAction":[{"@type":"ReadAction","target":["https:\/\/leger360.com\/fr\/dernieres-nouvelles-guerre-commerciale-canada-etats-unis-pays-ennemi\/"]}]},{"@type":"ImageObject","inLanguage":"fr-CA","@id":"https:\/\/leger360.com\/fr\/dernieres-nouvelles-guerre-commerciale-canada-etats-unis-pays-ennemi\/#primaryimage","url":"https:\/\/leger360.com\/wp-content\/uploads\/2026\/08\/Copy-of-Alberta-Pipeline.jpg","contentUrl":"https:\/\/leger360.com\/wp-content\/uploads\/2026\/08\/Copy-of-Alberta-Pipeline.jpg","width":1920,"height":1080,"caption":"Canada US Trade Negociations"},{"@type":"BreadcrumbList","@id":"https:\/\/leger360.com\/fr\/dernieres-nouvelles-guerre-commerciale-canada-etats-unis-pays-ennemi\/#breadcrumb","itemListElement":[{"@type":"ListItem","position":1,"name":"Home","item":"https:\/\/leger360.com\/fr\/"},{"@type":"ListItem","position":2,"name":"Guerre commerciale Canada\u2013\u00c9tats-Unis : 41% voient les \u00c9tats-Unis comme un ennemi"}]},{"@type":"WebSite","@id":"https:\/\/leger360.com\/fr\/#website","url":"https:\/\/leger360.com\/fr\/","name":"Leger","description":"Market Research | Data Analytics","publisher":{"@id":"https:\/\/leger360.com\/fr\/#organization"},"potentialAction":[{"@type":"SearchAction","target":{"@type":"EntryPoint","urlTemplate":"https:\/\/leger360.com\/fr\/?s={search_term_string}"},"query-input":{"@type":"PropertyValueSpecification","valueRequired":true,"valueName":"search_term_string"}}],"inLanguage":"fr-CA"},{"@type":"Organization","@id":"https:\/\/leger360.com\/fr\/#organization","name":"Leger","url":"https:\/\/leger360.com\/fr\/","logo":{"@type":"ImageObject","inLanguage":"fr-CA","@id":"https:\/\/leger360.com\/fr\/#\/schema\/logo\/image\/","url":"https:\/\/leger360.com\/wp-content\/uploads\/2024\/04\/2022-Logo-Leger-Blackred-g.png","contentUrl":"https:\/\/leger360.com\/wp-content\/uploads\/2024\/04\/2022-Logo-Leger-Blackred-g.png","width":1195,"height":686,"caption":"Leger"},"image":{"@id":"https:\/\/leger360.com\/fr\/#\/schema\/logo\/image\/"},"sameAs":["https:\/\/www.facebook.com\/leger360\/","https:\/\/x.com\/leger360","https:\/\/www.linkedin.com\/company\/leger360\/"],"description":"Leger is one of North America\u2019s fastest-growing market research companies, known for our forward-thinking experts and innovative approaches powered by artificial intelligence (AI) technologies."},{"@type":"Person","@id":"https:\/\/leger360.com\/fr\/#\/schema\/person\/f2b5b8f07fa0b7749cf9193b94a5efc6","name":"Caroline Fortin","image":{"@type":"ImageObject","inLanguage":"fr-CA","@id":"https:\/\/secure.gravatar.com\/avatar\/5e1310d58bd561b1474c669576256a91e5f2fcec2a327cbba6912fb0343d4aec?s=96&d=mm&r=g","url":"https:\/\/secure.gravatar.com\/avatar\/5e1310d58bd561b1474c669576256a91e5f2fcec2a327cbba6912fb0343d4aec?s=96&d=mm&r=g","contentUrl":"https:\/\/secure.gravatar.com\/avatar\/5e1310d58bd561b1474c669576256a91e5f2fcec2a327cbba6912fb0343d4aec?s=96&d=mm&r=g","caption":"Caroline Fortin"}}]}},"_links":{"self":[{"href":"https:\/\/leger360.com\/fr\/wp-json\/wp\/v2\/posts\/29940","targetHints":{"allow":["GET"]}}],"collection":[{"href":"https:\/\/leger360.com\/fr\/wp-json\/wp\/v2\/posts"}],"about":[{"href":"https:\/\/leger360.com\/fr\/wp-json\/wp\/v2\/types\/post"}],"author":[{"embeddable":true,"href":"https:\/\/leger360.com\/fr\/wp-json\/wp\/v2\/users\/38"}],"replies":[{"embeddable":true,"href":"https:\/\/leger360.com\/fr\/wp-json\/wp\/v2\/comments?post=29940"}],"version-history":[{"count":8,"href":"https:\/\/leger360.com\/fr\/wp-json\/wp\/v2\/posts\/29940\/revisions"}],"predecessor-version":[{"id":29987,"href":"https:\/\/leger360.com\/fr\/wp-json\/wp\/v2\/posts\/29940\/revisions\/29987"}],"wp:featuredmedia":[{"embeddable":true,"href":"https:\/\/leger360.com\/fr\/wp-json\/wp\/v2\/media\/29696"}],"wp:attachment":[{"href":"https:\/\/leger360.com\/fr\/wp-json\/wp\/v2\/media?parent=29940"}],"wp:term":[{"taxonomy":"category","embeddable":true,"href":"https:\/\/leger360.com\/fr\/wp-json\/wp\/v2\/categories?post=29940"},{"taxonomy":"post_tag","embeddable":true,"href":"https:\/\/leger360.com\/fr\/wp-json\/wp\/v2\/tags?post=29940"},{"taxonomy":"post_language_cat","embeddable":true,"href":"https:\/\/leger360.com\/fr\/wp-json\/wp\/v2\/post_language_cat?post=29940"}],"curies":[{"name":"wp","href":"https:\/\/api.w.org\/{rel}","templated":true}]}}